{"id":1159,"date":"2016-09-03T12:17:54","date_gmt":"2016-09-03T10:17:54","guid":{"rendered":"http:\/\/guidelaval.fr\/?p=1159"},"modified":"2016-09-03T12:24:11","modified_gmt":"2016-09-03T10:24:11","slug":"daniel-leray-un-des-artistes-darfi-qui-exposent-a-mayenne","status":"publish","type":"post","link":"http:\/\/guidelaval.fr\/eva\/2016\/09\/03\/daniel-leray-un-des-artistes-darfi-qui-exposent-a-mayenne\/","title":{"rendered":"Daniel Leray, un des artistes d&rsquo;Arfi qui exposent \u00e0 Mayenne"},"content":{"rendered":"<table align=\"center\">\n<tbody>\n<tr>\n<td width=\"62%\"><a href=\"https:\/\/i0.wp.com\/guidelaval.fr\/eva\/wp-content\/uploads\/2016\/09\/peintre-leray.jpg\" rel=\"attachment wp-att-745\"><img data-attachment-id=\"745\" data-permalink=\"http:\/\/guidelaval.fr\/eva\/2016\/01\/22\/744\/brass-band\/\" data-orig-file=\"https:\/\/i0.wp.com\/guidelaval.fr\/eva\/wp-content\/uploads\/2016\/01\/brass-band.jpg?fit=640%2C360\" data-orig-size=\"640,360\" data-comments-opened=\"0\" data-image-meta=\"{&quot;aperture&quot;:&quot;0&quot;,&quot;credit&quot;:&quot;&quot;,&quot;camera&quot;:&quot;&quot;,&quot;caption&quot;:&quot;&quot;,&quot;created_timestamp&quot;:&quot;0&quot;,&quot;copyright&quot;:&quot;&quot;,&quot;focal_length&quot;:&quot;0&quot;,&quot;iso&quot;:&quot;0&quot;,&quot;shutter_speed&quot;:&quot;0&quot;,&quot;title&quot;:&quot;&quot;,&quot;orientation&quot;:&quot;1&quot;}\" data-image-title=\"brass-band\" data-image-description=\"\" data-image-caption=\"\" data-medium-file=\"https:\/\/i0.wp.com\/guidelaval.fr\/eva\/wp-content\/uploads\/2016\/01\/brass-band.jpg?fit=300%2C169\" data-large-file=\"https:\/\/i0.wp.com\/guidelaval.fr\/eva\/wp-content\/uploads\/2016\/01\/brass-band.jpg?fit=640%2C360\" decoding=\"async\" class=\"alignnone size-medium wp-image-745\" src=\"https:\/\/i0.wp.com\/guidelaval.fr\/eva\/wp-content\/uploads\/2016\/09\/peintre-leray.jpg?w=600\" alt=\"brass-band\" data-recalc-dims=\"1\" \/><\/a><\/td>\n<td><\/td>\n<td>\n<p style=\"text-align: justify;\">Daniel Leray, soci\u00e9taire de la soci\u00e9t\u00e9 fran\u00e7aise de l\u2019Aquarelle, devant deux de ses tableaux \u00e0 la chapelle des Calvairiennes.\u00a9 Ouest-France<br \/>\nInvit\u00e9 d\u2019honneur de l\u2019exposition des peintres et sculpteurs d\u2019Arfi, \u00e0 la chapelle des Calvairiennes, le Mayennais Daniel Leray, 81 ans, partage sa passion pour la peinture et le dessin.<\/p>\n<\/td>\n<\/tr>\n<tr>\n<td colspan=\"3\"><\/td>\n<\/tr>\n<tr>\n<td colspan=\"3\">\n<p style=\"text-align: justify;\">\n<p>Aussi loin qu\u2019il s\u2019en souvienne, Daniel Leray a toujours \u00e9t\u00e9 passionn\u00e9 par la peinture et le dessin. \u00ab D\u00e9j\u00e0, en classe, j\u2019\u00e9tais toujours le premier dans les cours de dessin, se rem\u00e9more le Mayennais de 81 ans. J\u2019avais un don. \u00bb<\/p>\n<p>Plus tard, il r\u00e9ussit \u00e0 en faire sa carri\u00e8re, apr\u00e8s trois ans sur les bancs de l\u2019\u00e9cole de d\u00e9co d\u2019Angers. Il devient peintre d\u00e9corateur. Un m\u00e9tier qui l\u2019am\u00e8ne \u00e0 travailler pour des endroits prestigieux, du Louvre \u00e0 l\u2019Op\u00e9ra. \u00ab \u00c7a me plaisait beaucoup, j\u2019ai fait \u00e7a pendant quarante-deux ans \u00bb, commente-t-il.Aujourd\u2019hui soci\u00e9taire de la Soci\u00e9t\u00e9 fran\u00e7aise de l\u2019Aquarelle, Daniel Leray a la chance de voyager r\u00e9guli\u00e8rement. \u00ab J\u2019expose \u00e0 Bordeaux, Avignon, Toulouse\u2026 Parfois, je me rends aussi \u00e0 l\u2019\u00e9tranger \u00bb, explique-t-il.Chacune de ses aventures peut l\u2019inspirer par la suite. \u00ab On peut difficilement se mettre \u00e0 peindre en pleine rue\u2026 Alors je prends beaucoup de photos, en choisissant soigneusement mon point de vue \u00bb, poursuit le peintre, qui veut \u00e0 tout prix \u00e9viter le clich\u00e9 carte postale et recherche toujours un petit peu d\u2019originalit\u00e9. Ensuite, il r\u00e9alise une s\u00e9lection et commence \u00e0 dessiner \u00e0 partir de l\u2019image.<\/p>\n<p>Ce week-end, \u00e0 la chapelle des Calvairiennes, deux des tableaux d\u2019art figuratif qu\u2019il pr\u00e9sente sont d\u2019ailleurs bas\u00e9s sur cet endroit. Ancien pr\u00e9sident de l\u2019association des peintres et sculpteurs d\u2019Arfi, il est aujourd\u2019hui l\u2019invit\u00e9 d\u2019honneur de leur exposition annuelle qui commence ce samedi.<\/p>\n<p>Du samedi 3 au dimanche 11 septembre, exposition de l\u2019association des peintres et sculpteurs d\u2019Arfi, \u00e0 la chapelle des Calvairiennes, \u00e0 Mayenne. De 14 h \u00e0 18 h. Gratuit.\n<\/p>\n<\/td>\n<\/tbody>\n<\/table>\n","protected":false},"excerpt":{"rendered":"<p>Daniel Leray, soci\u00e9taire de la soci\u00e9t\u00e9 fran\u00e7aise de l\u2019Aquarelle, devant deux de ses tableaux \u00e0 la chapelle des Calvairiennes.\u00a9 Ouest-France Invit\u00e9 d\u2019honneur de l\u2019exposition des peintres et sculpteurs d\u2019Arfi, \u00e0 la chapelle des Calvairiennes, le Mayennais Daniel Leray, 81 ans, &hellip; <a href=\"http:\/\/guidelaval.fr\/eva\/2016\/09\/03\/daniel-leray-un-des-artistes-darfi-qui-exposent-a-mayenne\/\">Lire la suite\u00ad\u00ad<\/a><\/p>\n","protected":false},"author":1,"featured_media":1160,"comment_status":"closed","ping_status":"closed","sticky":false,"template":"","format":"standard","meta":{"kt_blocks_editor_width":"","jetpack_post_was_ever_published":false,"jetpack_publicize_message":"","jetpack_is_tweetstorm":false,"jetpack_publicize_feature_enabled":true,"jetpack_social_post_already_shared":true,"jetpack_social_options":{"image_generator_settings":{"template":"highway","enabled":false}}},"categories":[1],"tags":[],"jetpack_publicize_connections":[],"jetpack_featured_media_url":"https:\/\/i0.wp.com\/guidelaval.fr\/eva\/wp-content\/uploads\/2016\/09\/peintre-leray.jpg?fit=640%2C360","jetpack_sharing_enabled":true,"jetpack_shortlink":"https:\/\/wp.me\/p7cFdd-iH","jetpack-related-posts":[{"id":1204,"url":"http:\/\/guidelaval.fr\/eva\/2016\/11\/30\/le-marche-des-lumieres-3-decembre\/","url_meta":{"origin":1159,"position":0},"title":"LE MARCH\u00c9 DES LUMI\u00c8RES \/ 3 d\u00e9cembre","date":"30 novembre 2016","format":false,"excerpt":"Le March\u00e9 des Lumi\u00e8res 2\u00e9me \u00e9dition Cr\u00e9er une nouvelle animation \u00e0 Laval, apporter une offre diff\u00e9rente et compl\u00e9mentaire du march\u00e9 de No\u00ebl et animer le Vieux-Laval, tels sont les objectifs de la Ville, qui organise, en partenariat avec diff\u00e9rentes associations, son 2eme march\u00e9 des Lumi\u00e8res. Plus d'une vingtaine de jeunes\u2026","rel":"","context":"Dans &quot;Non class\u00e9&quot;","img":{"alt_text":"","src":"https:\/\/i0.wp.com\/guidelaval.fr\/eva\/wp-content\/uploads\/2016\/11\/marche-lumieres.jpg?fit=384%2C540&resize=350%2C200","width":350,"height":200},"classes":[]},{"id":1178,"url":"http:\/\/guidelaval.fr\/eva\/2016\/10\/01\/handi-cheval-mayenne\/","url_meta":{"origin":1159,"position":1},"title":"Handi-Cheval Mayenne","date":"1 octobre 2016","format":false,"excerpt":"Remise d'un ch\u00e8que de 5300 euros par les pr\u00e9sidents des clubs services mayennais \u00e0 la responsable de Handi-Cheval Mayenne. Comme chaque ann\u00e9e, l\u2019association Handi Cheval Mayenne, qui a pour but le d\u00e9veloppement de la pratique des activit\u00e9s \u00e9questres par les personnes en situation de handicap ou en difficult\u00e9 d\u2019adaptation, pr\u00e9sente\u2026","rel":"","context":"Dans &quot;Non class\u00e9&quot;","img":{"alt_text":"","src":"https:\/\/i0.wp.com\/guidelaval.fr\/eva\/wp-content\/uploads\/2016\/10\/photo-handi.jpg?fit=1200%2C900&resize=350%2C200","width":350,"height":200},"classes":[]},{"id":570,"url":"http:\/\/guidelaval.fr\/eva\/2015\/11\/20\/570\/","url_meta":{"origin":1159,"position":2},"title":"Franchise ComptaCom","date":"20 novembre 2015","format":false,"excerpt":"\u00a0\u00a0 La premi\u00e8re franchise de cabinet d'expertise comptable est lanc\u00e9e par le groupe mayennais ComptaCom. Didier Caplan, son cr\u00e9ateur, pr\u00e9sente son projet. \u00a0 Le groupe mayennais, ComptaCom, sp\u00e9cialis\u00e9 dans l'expertise comptable, se lance dans un nouveau projet. Pour la premi\u00e8re fois, une franchise est propos\u00e9e aux cabinets de tout l'Hexagone.\u2026","rel":"","context":"Dans &quot;soci\u00e9t\u00e9&quot;","img":{"alt_text":"comptacom-grand","src":"https:\/\/i0.wp.com\/guidelaval.fr\/eva\/wp-content\/uploads\/2015\/11\/comptacom-grand-300x166.jpg?resize=350%2C200","width":350,"height":200},"classes":[]},{"id":744,"url":"http:\/\/guidelaval.fr\/eva\/2016\/01\/22\/744\/","url_meta":{"origin":1159,"position":3},"title":"Orchestre du Pays de Mayenne","date":"22 janvier 2016","format":false,"excerpt":"\u00a0\u00a0Le brass-band r\u00e9unit vingt-huit des soixante musiciens de l\u2019Orchestre d\u2019harmonie du Pays de Mayenne. Ce type de formation musicale est n\u00e9e en Grande-Bretagne, au XIXe si\u00e8cle.\u00a9 DR Comme chaque ann\u00e9e, le brass-band de l\u2019Orchestre d\u2019harmonie du Pays de Mayenne donne son concert gratuit. Au programme : un r\u00e9pertoire vari\u00e9 et\u2026","rel":"","context":"Dans &quot;spectacles&quot;","img":{"alt_text":"","src":"https:\/\/i0.wp.com\/guidelaval.fr\/eva\/wp-content\/uploads\/2016\/01\/brass-band.jpg?fit=640%2C360&resize=350%2C200","width":350,"height":200},"classes":[]},{"id":856,"url":"http:\/\/guidelaval.fr\/eva\/2016\/04\/04\/des-activites-pour-occuper-les-enfants-pendant-les-vacances-scolaires\/","url_meta":{"origin":1159,"position":4},"title":"Vacances scolaires : P\u00e2cques 2016","date":"4 avril 2016","format":false,"excerpt":"\u00a0\u00a0Des activit\u00e9s pour occuper les enfants pendant les vacances scolaires ou une soir\u00e9e concert... Voici une s\u00e9lection des sorties de la semaine pr\u00e8s de Mayenne du 4 au 8 avril. Toute la semaine \u2022 Le mus\u00e9e arch\u00e9ologique de Jublains organise l\u2019op\u00e9ration Mes vacances au mus\u00e9e. Plusieurs animations sont pr\u00e9vues pour\u2026","rel":"","context":"Dans &quot;Non class\u00e9&quot;","img":{"alt_text":"","src":"https:\/\/i0.wp.com\/guidelaval.fr\/eva\/wp-content\/uploads\/2016\/04\/vacances.jpg?fit=640%2C330&resize=350%2C200","width":350,"height":200},"classes":[]},{"id":1338,"url":"http:\/\/guidelaval.fr\/eva\/2023\/05\/07\/la-protection-civile-en-mayenne\/","url_meta":{"origin":1159,"position":5},"title":"La Protection civile en Mayenne","date":"7 mai 2023","format":false,"excerpt":"La Ville de Laval et la Protection civile ont sign\u00e9 une convention pour mettre officiellement des locaux \u00e0 la disposition de l\u2019association. Tr\u00e8s active depuis le d\u00e9but de la crise sanitaire du Covid, la Protection civile a vu ses missions \u00e9voluer \u00e0 la fin de l\u2019\u00e9pid\u00e9mie. Les b\u00e9n\u00e9voles de la\u2026","rel":"","context":"Dans &quot;Non class\u00e9&quot;","img":{"alt_text":"","src":"https:\/\/i0.wp.com\/guidelaval.fr\/eva\/wp-content\/uploads\/2023\/05\/protection-civile.jpg?fit=1200%2C763&resize=350%2C200","width":350,"height":200},"classes":[]}],"_links":{"self":[{"href":"http:\/\/guidelaval.fr\/eva\/wp-json\/wp\/v2\/posts\/1159"}],"collection":[{"href":"http:\/\/guidelaval.fr\/eva\/wp-json\/wp\/v2\/posts"}],"about":[{"href":"http:\/\/guidelaval.fr\/eva\/wp-json\/wp\/v2\/types\/post"}],"author":[{"embeddable":true,"href":"http:\/\/guidelaval.fr\/eva\/wp-json\/wp\/v2\/users\/1"}],"replies":[{"embeddable":true,"href":"http:\/\/guidelaval.fr\/eva\/wp-json\/wp\/v2\/comments?post=1159"}],"version-history":[{"count":4,"href":"http:\/\/guidelaval.fr\/eva\/wp-json\/wp\/v2\/posts\/1159\/revisions"}],"predecessor-version":[{"id":1164,"href":"http:\/\/guidelaval.fr\/eva\/wp-json\/wp\/v2\/posts\/1159\/revisions\/1164"}],"wp:featuredmedia":[{"embeddable":true,"href":"http:\/\/guidelaval.fr\/eva\/wp-json\/wp\/v2\/media\/1160"}],"wp:attachment":[{"href":"http:\/\/guidelaval.fr\/eva\/wp-json\/wp\/v2\/media?parent=1159"}],"wp:term":[{"taxonomy":"category","embeddable":true,"href":"http:\/\/guidelaval.fr\/eva\/wp-json\/wp\/v2\/categories?post=1159"},{"taxonomy":"post_tag","embeddable":true,"href":"http:\/\/guidelaval.fr\/eva\/wp-json\/wp\/v2\/tags?post=1159"}],"curies":[{"name":"wp","href":"https:\/\/api.w.org\/{rel}","templated":true}]}}