{"id":1204,"date":"2016-11-30T17:45:27","date_gmt":"2016-11-30T16:45:27","guid":{"rendered":"http:\/\/guidelaval.fr\/?p=1204"},"modified":"2016-11-30T17:51:09","modified_gmt":"2016-11-30T16:51:09","slug":"le-marche-des-lumieres-3-decembre","status":"publish","type":"post","link":"http:\/\/guidelaval.fr\/eva\/2016\/11\/30\/le-marche-des-lumieres-3-decembre\/","title":{"rendered":"LE MARCH\u00c9 DES LUMI\u00c8RES \/ 3 d\u00e9cembre"},"content":{"rendered":"<table align=\"center\">\n<tbody>\n<tr>\n<td width=\"62%\"><a href=\"https:\/\/i0.wp.com\/guidelaval.fr\/eva\/wp-content\/uploads\/2016\/10\/cij-zut.jpg\" rel=\"attachment wp-att-745\"><img data-attachment-id=\"745\" data-permalink=\"http:\/\/guidelaval.fr\/eva\/2016\/01\/22\/744\/brass-band\/\" data-orig-file=\"https:\/\/i0.wp.com\/guidelaval.fr\/eva\/wp-content\/uploads\/2016\/01\/brass-band.jpg?fit=640%2C360\" data-orig-size=\"640,360\" data-comments-opened=\"0\" data-image-meta=\"{&quot;aperture&quot;:&quot;0&quot;,&quot;credit&quot;:&quot;&quot;,&quot;camera&quot;:&quot;&quot;,&quot;caption&quot;:&quot;&quot;,&quot;created_timestamp&quot;:&quot;0&quot;,&quot;copyright&quot;:&quot;&quot;,&quot;focal_length&quot;:&quot;0&quot;,&quot;iso&quot;:&quot;0&quot;,&quot;shutter_speed&quot;:&quot;0&quot;,&quot;title&quot;:&quot;&quot;,&quot;orientation&quot;:&quot;1&quot;}\" data-image-title=\"brass-band\" data-image-description=\"\" data-image-caption=\"\" data-medium-file=\"https:\/\/i0.wp.com\/guidelaval.fr\/eva\/wp-content\/uploads\/2016\/01\/brass-band.jpg?fit=300%2C169\" data-large-file=\"https:\/\/i0.wp.com\/guidelaval.fr\/eva\/wp-content\/uploads\/2016\/01\/brass-band.jpg?fit=640%2C360\" decoding=\"async\" class=\"alignnone size-medium wp-image-745\" src=\"https:\/\/i0.wp.com\/guidelaval.fr\/eva\/wp-content\/uploads\/2016\/11\/marche-lumieres.jpg?w=600\" alt=\"etudiants\" data-recalc-dims=\"1\" \/><\/a><\/td>\n<td><\/td>\n<td>\n<p style=\"text-align: justify;\">Le March\u00e9 des Lumi\u00e8res 2\u00e9me \u00e9dition<\/p>\n<\/td>\n<\/tr>\n<tr>\n<td colspan=\"3\"><\/td>\n<\/tr>\n<tr>\n<td colspan=\"3\">\n<p style=\"text-align: justify;\">Cr\u00e9er une nouvelle animation \u00e0 Laval, apporter une offre diff\u00e9rente et compl\u00e9mentaire du march\u00e9 de No\u00ebl et animer le Vieux-Laval, tels sont les objectifs de la Ville, qui organise, en partenariat avec diff\u00e9rentes associations, son 2eme march\u00e9 des Lumi\u00e8res.<br \/>\nPlus d&rsquo;une vingtaine de jeunes entrepreneurs, d&rsquo;artistes et d&rsquo;artisans mayennais exposeront et vendront des pi\u00e8ces uniques et des cr\u00e9ations en s\u00e9ries limit\u00e9es. Ce march\u00e9 nocturne sera ponctu\u00e9 par diff\u00e9rentes animations jazzy, soupe de No\u00ebl, d\u00e9gustation de vin chaud et pour les enfants&#8230; la bo\u00eete aux lettres du P\u00e8re No\u00ebl o\u00f9 ils pourront tous d\u00e9poser leur lettre. Profitez \u00e9galement de l&rsquo;ambiance chaleureuse et festive des rues commer\u00e7antes qui participeront \u00e0 cette nocturne !<\/p>\n<p>Samedi 3 d\u00e9cembre de 17h \u00e0 minuit<br \/>\nPlace des Acacias<br \/>\nCentre Historique\n<\/p>\n<\/td>\n<\/tr>\n<\/tbody>\n<\/table>\n","protected":false},"excerpt":{"rendered":"<p>Le March\u00e9 des Lumi\u00e8res 2\u00e9me \u00e9dition Cr\u00e9er une nouvelle animation \u00e0 Laval, apporter une offre diff\u00e9rente et compl\u00e9mentaire du march\u00e9 de No\u00ebl et animer le Vieux-Laval, tels sont les objectifs de la Ville, qui organise, en partenariat avec diff\u00e9rentes associations, &hellip; <a href=\"http:\/\/guidelaval.fr\/eva\/2016\/11\/30\/le-marche-des-lumieres-3-decembre\/\">Lire la suite\u00ad\u00ad<\/a><\/p>\n","protected":false},"author":1,"featured_media":1206,"comment_status":"closed","ping_status":"closed","sticky":false,"template":"","format":"standard","meta":{"kt_blocks_editor_width":"","jetpack_post_was_ever_published":false,"jetpack_publicize_message":"","jetpack_is_tweetstorm":false,"jetpack_publicize_feature_enabled":true,"jetpack_social_post_already_shared":true,"jetpack_social_options":{"image_generator_settings":{"template":"highway","enabled":false}}},"categories":[1],"tags":[],"jetpack_publicize_connections":[],"jetpack_featured_media_url":"https:\/\/i0.wp.com\/guidelaval.fr\/eva\/wp-content\/uploads\/2016\/11\/marche-lumieres.jpg?fit=384%2C540","jetpack_sharing_enabled":true,"jetpack_shortlink":"https:\/\/wp.me\/p7cFdd-jq","jetpack-related-posts":[{"id":684,"url":"http:\/\/guidelaval.fr\/eva\/2015\/12\/06\/laval-le-marche-des-lumieres\/","url_meta":{"origin":1204,"position":0},"title":"Laval: Le march\u00e9 des lumi\u00e8res","date":"6 d\u00e9cembre 2015","format":false,"excerpt":"\u00a0\u00a0 A Laval, le march\u00e9 des Lumi\u00e8res \u00e9tait ouvert ce samedi 5 d\u00e9cembre 2015. A la tomb\u00e9e de la nuit, ce samedi, le grand public a investi la place des Acacias.Entre l\u2019ouverture des Lumi\u00e8res et le march\u00e9 de No\u00ebl a \u00e9t\u00e9 intercal\u00e9 le March\u00e9 des lumi\u00e8res. Une premi\u00e8re \u00e0 Laval,\u2026","rel":"","context":"Dans &quot;Non class\u00e9&quot;","img":{"alt_text":"","src":"https:\/\/i0.wp.com\/guidelaval.fr\/eva\/wp-content\/uploads\/2015\/12\/marche-lumier-carre.jpg?fit=352%2C350&resize=350%2C200","width":350,"height":200},"classes":[]},{"id":638,"url":"http:\/\/guidelaval.fr\/eva\/2015\/11\/23\/les-lumieres-de-laval\/","url_meta":{"origin":1204,"position":1},"title":"Les lumi\u00e8res de Laval","date":"23 novembre 2015","format":false,"excerpt":"\u00a0\u00a0Lumi\u00e8res de Laval : pourquoi le feu d'artifice est annul\u00e9 ? La mairie de Laval a annonc\u00e9, \u00e0 14 h 30 ce lundi 23 novembre, que le feu d'artifice associ\u00e9 au lancement des illuminations de Laval n'aurait pas lieu samedi 28 novembre. B\u00e9atrice Mottier, adjointe aux maires, et Fran\u00e7ois Zocchetto,\u2026","rel":"","context":"Dans &quot;soci\u00e9t\u00e9&quot;","img":{"alt_text":"","src":"https:\/\/i0.wp.com\/guidelaval.fr\/eva\/wp-content\/uploads\/2015\/11\/feu-laval-carre.jpg?fit=360%2C360&resize=350%2C200","width":350,"height":200},"classes":[]},{"id":749,"url":"http:\/\/guidelaval.fr\/eva\/2016\/01\/24\/salon-de-la-bd-a-laval\/","url_meta":{"origin":1204,"position":2},"title":"Salon de la BD \u00e0 Laval","date":"24 janvier 2016","format":false,"excerpt":"\u00a0\u00a0Ce dimanche 24 janvier \u00e0 l'espace Scomam, une quarantaine d'exposants vendront bandes dessin\u00e9es, vinyles et disques. Avis aux chineurs ! \u00ab Il y a deux ans, nous avons commenc\u00e9 \u00e0 discuter de notre envie de lancer ce salon, \u00e0 Laval, avec Bernard \u00bb, se souvient Hubert Lami, un fan de\u2026","rel":"","context":"Dans &quot;Non class\u00e9&quot;","img":{"alt_text":"","src":"https:\/\/i0.wp.com\/guidelaval.fr\/eva\/wp-content\/uploads\/2016\/01\/salon-bd.jpg?fit=640%2C360&resize=350%2C200","width":350,"height":200},"classes":[]},{"id":1341,"url":"http:\/\/guidelaval.fr\/eva\/2023\/05\/07\/350-etudiants-reunis-a-laval\/","url_meta":{"origin":1204,"position":3},"title":"350 \u00c9tudiants r\u00e9unis \u00e0 Laval","date":"7 mai 2023","format":false,"excerpt":"Samedi 06 mai 2023 17:39 350 \u00e9tudiants et \u00e9l\u00e8ves r\u00e9unis \u00e0 Laval ... 350 \u00e9tudiants et \u00e9l\u00e8ves en formation pr\u00e9parant aux professions des secteurs de la sant\u00e9 et du social, ont \u00e9t\u00e9 r\u00e9unis jeudi 4 mai 2023 \u00e0 l\u2019Espace Mayenne. Une r\u00e9union pour travailler autour de la th\u00e9matique du num\u00e9rique\u2026","rel":"","context":"Dans &quot;Non class\u00e9&quot;","img":{"alt_text":"","src":"https:\/\/i0.wp.com\/guidelaval.fr\/eva\/wp-content\/uploads\/2023\/05\/etudiants.jpg?fit=1200%2C560&resize=350%2C200","width":350,"height":200},"classes":[]},{"id":630,"url":"http:\/\/guidelaval.fr\/eva\/2015\/11\/22\/la-confrerie-du-veau\/","url_meta":{"origin":1204,"position":4},"title":"La confr\u00e9rie du veau","date":"22 novembre 2015","format":false,"excerpt":"\u00a0\u00a0 La confr\u00e9rie du veau de Ch\u00e2teau-Gontier f\u00eate ses dix ans: Le temps est \u00e0 la f\u00eate, malgr\u00e9 la pluie, pour la confr\u00e9rie du veau ce samedi. Avec les confr\u00e9ries amies, elle c\u00e9l\u00e8bre ses dix ans. \u00a0 Ce samedi \u00e9tait particulier pour la confr\u00e9rie du veau de Ch\u00e2teau-Gontier. Les quelque\u2026","rel":"","context":"Dans &quot;soci\u00e9t\u00e9&quot;","img":{"alt_text":"","src":"https:\/\/i0.wp.com\/guidelaval.fr\/eva\/wp-content\/uploads\/2015\/11\/lesvoscarre.jpg?fit=640%2C640&resize=350%2C200","width":350,"height":200},"classes":[]},{"id":1184,"url":"http:\/\/guidelaval.fr\/eva\/2016\/10\/02\/laval-accueille-ses-etudiants\/","url_meta":{"origin":1204,"position":5},"title":"Laval accueille ses \u00e9tudiants","date":"2 octobre 2016","format":false,"excerpt":"Laval Accueille ses \u00e9tudiants jeudi 6 octobre 2016 17h \/ 20h au square de boston de Laval. R\u00e8glement challenge inter-\u00e9tablissement par \u00e9quipe. principe : une \u00e9quipe par \u00e9tablissement ou d\u00e9partement IUT Composition : Entre 6 et 9 \u00e9tudiants, Mixit\u00e9 obligatoire Au minimum 3 nouveaux \u00e9tudiants Au maximum 2 \u00e9tudiants membres\u2026","rel":"","context":"Dans &quot;Non class\u00e9&quot;","img":{"alt_text":"","src":"https:\/\/i0.wp.com\/guidelaval.fr\/eva\/wp-content\/uploads\/2016\/10\/cij-zut.jpg?fit=848%2C1200&resize=350%2C200","width":350,"height":200},"classes":[]}],"_links":{"self":[{"href":"http:\/\/guidelaval.fr\/eva\/wp-json\/wp\/v2\/posts\/1204"}],"collection":[{"href":"http:\/\/guidelaval.fr\/eva\/wp-json\/wp\/v2\/posts"}],"about":[{"href":"http:\/\/guidelaval.fr\/eva\/wp-json\/wp\/v2\/types\/post"}],"author":[{"embeddable":true,"href":"http:\/\/guidelaval.fr\/eva\/wp-json\/wp\/v2\/users\/1"}],"replies":[{"embeddable":true,"href":"http:\/\/guidelaval.fr\/eva\/wp-json\/wp\/v2\/comments?post=1204"}],"version-history":[{"count":3,"href":"http:\/\/guidelaval.fr\/eva\/wp-json\/wp\/v2\/posts\/1204\/revisions"}],"predecessor-version":[{"id":1209,"href":"http:\/\/guidelaval.fr\/eva\/wp-json\/wp\/v2\/posts\/1204\/revisions\/1209"}],"wp:featuredmedia":[{"embeddable":true,"href":"http:\/\/guidelaval.fr\/eva\/wp-json\/wp\/v2\/media\/1206"}],"wp:attachment":[{"href":"http:\/\/guidelaval.fr\/eva\/wp-json\/wp\/v2\/media?parent=1204"}],"wp:term":[{"taxonomy":"category","embeddable":true,"href":"http:\/\/guidelaval.fr\/eva\/wp-json\/wp\/v2\/categories?post=1204"},{"taxonomy":"post_tag","embeddable":true,"href":"http:\/\/guidelaval.fr\/eva\/wp-json\/wp\/v2\/tags?post=1204"}],"curies":[{"name":"wp","href":"https:\/\/api.w.org\/{rel}","templated":true}]}}