{"id":621,"date":"2015-11-20T14:42:44","date_gmt":"2015-11-20T13:42:44","guid":{"rendered":"http:\/\/guidelaval.fr\/eva\/?p=621"},"modified":"2015-11-20T14:46:05","modified_gmt":"2015-11-20T13:46:05","slug":"lart-de-rue","status":"publish","type":"post","link":"http:\/\/guidelaval.fr\/eva\/2015\/11\/20\/lart-de-rue\/","title":{"rendered":"L&rsquo;art de rue"},"content":{"rendered":"<table with='60%' align='center'>\n<tr>\n<td width='42%'><a href=\"https:\/\/i0.wp.com\/guidelaval.fr\/eva\/wp-content\/uploads\/2015\/11\/art-rue.jpg\"><img data-attachment-id=\"623\" data-permalink=\"http:\/\/guidelaval.fr\/eva\/2015\/11\/20\/lart-de-rue\/art-rue\/\" data-orig-file=\"https:\/\/i0.wp.com\/guidelaval.fr\/eva\/wp-content\/uploads\/2015\/11\/art-rue.jpg?fit=615%2C340\" data-orig-size=\"615,340\" data-comments-opened=\"0\" data-image-meta=\"{&quot;aperture&quot;:&quot;0&quot;,&quot;credit&quot;:&quot;&quot;,&quot;camera&quot;:&quot;&quot;,&quot;caption&quot;:&quot;&quot;,&quot;created_timestamp&quot;:&quot;0&quot;,&quot;copyright&quot;:&quot;&quot;,&quot;focal_length&quot;:&quot;0&quot;,&quot;iso&quot;:&quot;0&quot;,&quot;shutter_speed&quot;:&quot;0&quot;,&quot;title&quot;:&quot;&quot;,&quot;orientation&quot;:&quot;1&quot;}\" data-image-title=\"art-rue\" data-image-description=\"\" data-image-caption=\"\" data-medium-file=\"https:\/\/i0.wp.com\/guidelaval.fr\/eva\/wp-content\/uploads\/2015\/11\/art-rue.jpg?fit=300%2C166\" data-large-file=\"https:\/\/i0.wp.com\/guidelaval.fr\/eva\/wp-content\/uploads\/2015\/11\/art-rue.jpg?fit=615%2C340\" decoding=\"async\" loading=\"lazy\" width=\"615\" height=\"340\" src=\"https:\/\/i0.wp.com\/guidelaval.fr\/eva\/wp-content\/uploads\/2015\/11\/art-rue.jpg?resize=615%2C340\" alt=\"art-rue\"  class=\"alignnone size-medium wp-image-623\" srcset=\"https:\/\/i0.wp.com\/guidelaval.fr\/eva\/wp-content\/uploads\/2015\/11\/art-rue.jpg?w=615 615w, https:\/\/i0.wp.com\/guidelaval.fr\/eva\/wp-content\/uploads\/2015\/11\/art-rue.jpg?resize=300%2C166 300w, https:\/\/i0.wp.com\/guidelaval.fr\/eva\/wp-content\/uploads\/2015\/11\/art-rue.jpg?resize=600%2C332 600w\" sizes=\"(max-width: 615px) 100vw, 615px\" data-recalc-dims=\"1\" \/><\/a><\/td>\n<td>&nbsp;&nbsp;<\/td>\n<td>\n<p style=\"text-align: justify;\">La nouvelle association lavalloise l&rsquo;Art au centre affiche son premier projet : douze illustrations de 4&#215;3 m\u00e8tres pour orner les murs de la rive droite.<\/p>\n<\/td>\n<\/tr>\n<tr>\n<td colspan='3'>&nbsp;<\/td>\n<\/tr>\n<tr>\n<td colspan='3'>\n<p style=\"text-align: justify;\">\nJean Lecointre. illustrateur de notori\u00e9t\u00e9 nationale a \u00e9t\u00e9 retenu pour la premi\u00e8re exposition de l&rsquo;association, dont le commissaire n&rsquo;est autre que le sculpteur, peintre et dessinateur lavallois Laurent Vignais. \u00ab Jean Lecointre permet de faire d\u00e9couvrir autre chose aux Lavallois et aux nombreux visiteurs qui viendront pour les illuminations. Il s&rsquo;agit de collages num\u00e9riques avec un th\u00e8me li\u00e9 \u00e0 l&rsquo;alimentation. Au passage, ce th\u00e8me peut nous faire r\u00e9fl\u00e9chir sur notre consommation de nourriture durant les f\u00eates \u00bb. Ces grandes b\u00e2ches de quatre m\u00e8tres sur trois sont fabriqu\u00e9es avec des bouteilles en plastique recycl\u00e9es, et imprim\u00e9es avec des encres au latex sans solvant. A l&rsquo;issue de l&rsquo;exposition, les b\u00e2ches seront d\u00e9croch\u00e9es, d\u00e9coup\u00e9es et confi\u00e9es \u00e0 l&rsquo;association lavalloise Petites mains et Cie, atelier prot\u00e9g\u00e9 de confection textile qui les transformera en nappes pour salons de jardin et autres imperm\u00e9ables pour enfants de la collection \u201c\u00c7a fait pas une pluie\u201d. Le profit de la vente des ces articles servira \u00e0 financer l&rsquo;exposition de l&rsquo;ann\u00e9e suivante.<\/p>\n<p>Parall\u00e8lement \u00e0 cette exposition grandeur urbaine visible jusqu&rsquo;au 17 janvier prochain, Jean Lecointre expose des digigraphies en s\u00e9ries limit\u00e9es au mus\u00e9e-\u00e9cole de la Perrine, lesquelles seront mises en vente. L&rsquo;artiste sera pr\u00e9sent pour inaugurer l&rsquo;exposition et rencontrer le public ces samedi 14 et dimanche 15 novembre de 16h \u00e0 17h30. Ce sera aussi l&rsquo;occasion, contre un petit billet de 10 \u20ac, d&rsquo;adh\u00e9rer \u00e0 l&rsquo;Art au centre.<\/p>\n<p>Suivez le guide !\n<\/p>\n<\/td>\n<\/tr>\n<\/table>\n","protected":false},"excerpt":{"rendered":"<p>&nbsp;&nbsp; La nouvelle association lavalloise l&rsquo;Art au centre affiche son premier projet : douze illustrations de 4&#215;3 m\u00e8tres pour orner les murs de la rive droite. &nbsp; Jean Lecointre. illustrateur de notori\u00e9t\u00e9 nationale a \u00e9t\u00e9 retenu pour la premi\u00e8re exposition &hellip; <a href=\"http:\/\/guidelaval.fr\/eva\/2015\/11\/20\/lart-de-rue\/\">Lire la suite\u00ad\u00ad<\/a><\/p>\n","protected":false},"author":1,"featured_media":622,"comment_status":"closed","ping_status":"closed","sticky":false,"template":"","format":"standard","meta":{"kt_blocks_editor_width":"","jetpack_post_was_ever_published":false,"jetpack_publicize_message":"","jetpack_is_tweetstorm":false,"jetpack_publicize_feature_enabled":true,"jetpack_social_post_already_shared":false,"jetpack_social_options":{"image_generator_settings":{"template":"highway","enabled":false}}},"categories":[7],"tags":[],"jetpack_publicize_connections":[],"jetpack_featured_media_url":"https:\/\/i0.wp.com\/guidelaval.fr\/eva\/wp-content\/uploads\/2015\/11\/art-rue-carre.jpg?fit=340%2C339","jetpack_sharing_enabled":true,"jetpack_shortlink":"https:\/\/wp.me\/p7cFdd-a1","jetpack-related-posts":[{"id":671,"url":"http:\/\/guidelaval.fr\/eva\/2015\/12\/04\/au-bois-de-lhuisserie\/","url_meta":{"origin":621,"position":0},"title":"Au bois de l&rsquo;Huisserie","date":"4 d\u00e9cembre 2015","format":false,"excerpt":"\u00a0\u00a0Pour son exploitation du bois de L\u2019Huisserie, Laval Agglo fait, en partie, appel aux particuliers int\u00e9ress\u00e9s. C\u2019est le moment de se manifester. Mercredi 2 d\u00e9cembre, au beau milieu de la for\u00eat de L\u2019Huisserie, Louis Brault, un retrait\u00e9 lavallois de la m\u00e9tallurgie\/m\u00e9canique, est \u00e0 la t\u00e2che. Seul, il range soigneusement les\u2026","rel":"","context":"Dans &quot;travaux&quot;","img":{"alt_text":"","src":"https:\/\/i0.wp.com\/guidelaval.fr\/eva\/wp-content\/uploads\/2015\/12\/bois-huisserie-carre.jpg?fit=355%2C347&resize=350%2C200","width":350,"height":200},"classes":[]},{"id":749,"url":"http:\/\/guidelaval.fr\/eva\/2016\/01\/24\/salon-de-la-bd-a-laval\/","url_meta":{"origin":621,"position":1},"title":"Salon de la BD \u00e0 Laval","date":"24 janvier 2016","format":false,"excerpt":"\u00a0\u00a0Ce dimanche 24 janvier \u00e0 l'espace Scomam, une quarantaine d'exposants vendront bandes dessin\u00e9es, vinyles et disques. Avis aux chineurs ! \u00ab Il y a deux ans, nous avons commenc\u00e9 \u00e0 discuter de notre envie de lancer ce salon, \u00e0 Laval, avec Bernard \u00bb, se souvient Hubert Lami, un fan de\u2026","rel":"","context":"Dans &quot;Non class\u00e9&quot;","img":{"alt_text":"","src":"https:\/\/i0.wp.com\/guidelaval.fr\/eva\/wp-content\/uploads\/2016\/01\/salon-bd.jpg?fit=640%2C360&resize=350%2C200","width":350,"height":200},"classes":[]},{"id":1165,"url":"http:\/\/guidelaval.fr\/eva\/2016\/09\/05\/des-graines-de-scientifiques-primes\/","url_meta":{"origin":621,"position":2},"title":"DES GRAINES DE SCIENTIFIQUES PRIM\u00c9S","date":"5 septembre 2016","format":false,"excerpt":"Des graines de scientifiques Les \u00e9l\u00e8ves lavallois ne manquent pas de motivation pour exprimer leur passion des sciences ! Des \u00e9l\u00e8ves du lyc\u00e9e Douanier Rousseau, Maude Leriche, Ma\u00ebva Loisnard et Nicolas Metay ont remport\u00e9 un premier prix lors de la finale nationale du concours C.G\u00e9nial, \u00e0 Paris le 21 mai,\u2026","rel":"","context":"Dans &quot;Non class\u00e9&quot;","img":{"alt_text":"","src":"https:\/\/i0.wp.com\/guidelaval.fr\/eva\/wp-content\/uploads\/2016\/09\/graines.jpg?fit=540%2C405&resize=350%2C200","width":350,"height":200},"classes":[]},{"id":1341,"url":"http:\/\/guidelaval.fr\/eva\/2023\/05\/07\/350-etudiants-reunis-a-laval\/","url_meta":{"origin":621,"position":3},"title":"350 \u00c9tudiants r\u00e9unis \u00e0 Laval","date":"7 mai 2023","format":false,"excerpt":"Samedi 06 mai 2023 17:39 350 \u00e9tudiants et \u00e9l\u00e8ves r\u00e9unis \u00e0 Laval ... 350 \u00e9tudiants et \u00e9l\u00e8ves en formation pr\u00e9parant aux professions des secteurs de la sant\u00e9 et du social, ont \u00e9t\u00e9 r\u00e9unis jeudi 4 mai 2023 \u00e0 l\u2019Espace Mayenne. Une r\u00e9union pour travailler autour de la th\u00e9matique du num\u00e9rique\u2026","rel":"","context":"Dans &quot;Non class\u00e9&quot;","img":{"alt_text":"","src":"https:\/\/i0.wp.com\/guidelaval.fr\/eva\/wp-content\/uploads\/2023\/05\/etudiants.jpg?fit=1200%2C560&resize=350%2C200","width":350,"height":200},"classes":[]},{"id":721,"url":"http:\/\/guidelaval.fr\/eva\/2016\/01\/16\/halte-au-gaspillage\/","url_meta":{"origin":621,"position":4},"title":"Halte au gaspillage","date":"16 janvier 2016","format":false,"excerpt":"\u00a0\u00a0 Affiche r\u00e9alis\u00e9e par des \u00e9l\u00e8ves de primaire dans le cadre de la campagne de lutte contre le gaspillage. La Communaut\u00e9 de communes du Pays de Mayenne a organis\u00e9, avec le Cybercentre et les chantiers \"Argent de poche\", la r\u00e9alisation de trois films consacr\u00e9s \u00e0 la gestion des d\u00e9chets sur\u2026","rel":"","context":"Dans &quot;soci\u00e9t\u00e9&quot;","img":{"alt_text":"","src":"https:\/\/i0.wp.com\/guidelaval.fr\/eva\/wp-content\/uploads\/2016\/01\/gaspillage.jpg?fit=650%2C469&resize=350%2C200","width":350,"height":200},"classes":[]},{"id":1144,"url":"http:\/\/guidelaval.fr\/eva\/2016\/09\/02\/1144\/","url_meta":{"origin":621,"position":5},"title":"L&rsquo;Ecole d&rsquo;arts plastiques de Mayenne fait sa rentr\u00e9e","date":"2 septembre 2016","format":false,"excerpt":"Mathias Courtet, coordinateur, et Mathilde Bernard, m\u00e9diatrice de l\u2019\u00e9cole d\u2019arts plastiques du Kiosque, qui accueille tous les ans une centaine d\u2019\u00e9l\u00e8ves Comme chaque ann\u00e9e, le Kiosque multiplie les propositions pour s\u2019initier et approfondir les arts plastiques. Cette ann\u00e9e, les ateliers auront pour fil rouge la couleur. Alors que ce jeudi,\u2026","rel":"","context":"Dans &quot;Non class\u00e9&quot;","img":{"alt_text":"","src":"https:\/\/i0.wp.com\/guidelaval.fr\/eva\/wp-content\/uploads\/2016\/09\/le-kiosque.jpg?fit=640%2C360&resize=350%2C200","width":350,"height":200},"classes":[]}],"_links":{"self":[{"href":"http:\/\/guidelaval.fr\/eva\/wp-json\/wp\/v2\/posts\/621"}],"collection":[{"href":"http:\/\/guidelaval.fr\/eva\/wp-json\/wp\/v2\/posts"}],"about":[{"href":"http:\/\/guidelaval.fr\/eva\/wp-json\/wp\/v2\/types\/post"}],"author":[{"embeddable":true,"href":"http:\/\/guidelaval.fr\/eva\/wp-json\/wp\/v2\/users\/1"}],"replies":[{"embeddable":true,"href":"http:\/\/guidelaval.fr\/eva\/wp-json\/wp\/v2\/comments?post=621"}],"version-history":[{"count":3,"href":"http:\/\/guidelaval.fr\/eva\/wp-json\/wp\/v2\/posts\/621\/revisions"}],"predecessor-version":[{"id":626,"href":"http:\/\/guidelaval.fr\/eva\/wp-json\/wp\/v2\/posts\/621\/revisions\/626"}],"wp:featuredmedia":[{"embeddable":true,"href":"http:\/\/guidelaval.fr\/eva\/wp-json\/wp\/v2\/media\/622"}],"wp:attachment":[{"href":"http:\/\/guidelaval.fr\/eva\/wp-json\/wp\/v2\/media?parent=621"}],"wp:term":[{"taxonomy":"category","embeddable":true,"href":"http:\/\/guidelaval.fr\/eva\/wp-json\/wp\/v2\/categories?post=621"},{"taxonomy":"post_tag","embeddable":true,"href":"http:\/\/guidelaval.fr\/eva\/wp-json\/wp\/v2\/tags?post=621"}],"curies":[{"name":"wp","href":"https:\/\/api.w.org\/{rel}","templated":true}]}}