{"id":1,"date":"2015-10-25T11:27:55","date_gmt":"2015-10-25T10:27:55","guid":{"rendered":"http:\/\/guidelaval.fr\/eva\/?p=1"},"modified":"2015-10-26T17:35:02","modified_gmt":"2015-10-26T16:35:02","slug":"bonjour-tout-le-monde","status":"publish","type":"post","link":"https:\/\/guidelaval.fr\/eva\/2015\/10\/25\/bonjour-tout-le-monde\/","title":{"rendered":"Le crime \u00e9tait presque parfait !"},"content":{"rendered":"<p>CE soir grande journ\u00e9e de cirque ZAVATTa<a href=\"https:\/\/i0.wp.com\/guidelaval.fr\/eva\/wp-content\/uploads\/2015\/10\/pelleteuse.jpg\"><img data-attachment-id=\"57\" data-permalink=\"https:\/\/guidelaval.fr\/eva\/2015\/10\/25\/bonjour-tout-le-monde\/pelleteuse\/\" data-orig-file=\"https:\/\/i0.wp.com\/guidelaval.fr\/eva\/wp-content\/uploads\/2015\/10\/pelleteuse.jpg?fit=188%2C210&amp;ssl=1\" data-orig-size=\"188,210\" data-comments-opened=\"1\" data-image-meta=\"{&quot;aperture&quot;:&quot;0&quot;,&quot;credit&quot;:&quot;&quot;,&quot;camera&quot;:&quot;&quot;,&quot;caption&quot;:&quot;&quot;,&quot;created_timestamp&quot;:&quot;0&quot;,&quot;copyright&quot;:&quot;&quot;,&quot;focal_length&quot;:&quot;0&quot;,&quot;iso&quot;:&quot;0&quot;,&quot;shutter_speed&quot;:&quot;0&quot;,&quot;title&quot;:&quot;&quot;,&quot;orientation&quot;:&quot;1&quot;}\" data-image-title=\"pelleteuse\" data-image-description=\"\" data-image-caption=\"\" data-medium-file=\"https:\/\/i0.wp.com\/guidelaval.fr\/eva\/wp-content\/uploads\/2015\/10\/pelleteuse.jpg?fit=188%2C210&amp;ssl=1\" data-large-file=\"https:\/\/i0.wp.com\/guidelaval.fr\/eva\/wp-content\/uploads\/2015\/10\/pelleteuse.jpg?fit=188%2C210&amp;ssl=1\" decoding=\"async\" loading=\"lazy\" class=\"alignnone size-full wp-image-57\" src=\"https:\/\/i0.wp.com\/guidelaval.fr\/eva\/wp-content\/uploads\/2015\/10\/pelleteuse.jpg?resize=188%2C210\" alt=\"pelleteuse\" width=\"188\" height=\"210\" data-recalc-dims=\"1\" \/><\/a><\/p>\n","protected":false},"excerpt":{"rendered":"<p>CE soir grande journ\u00e9e de cirque ZAVATTa<\/p>\n","protected":false},"author":1,"featured_media":57,"comment_status":"open","ping_status":"open","sticky":false,"template":"","format":"standard","meta":{"kt_blocks_editor_width":"","jetpack_post_was_ever_published":false,"jetpack_publicize_message":"","jetpack_is_tweetstorm":false,"jetpack_publicize_feature_enabled":true,"jetpack_social_post_already_shared":false,"jetpack_social_options":{"image_generator_settings":{"template":"highway","enabled":false}}},"categories":[1],"tags":[],"jetpack_publicize_connections":[],"jetpack_featured_media_url":"https:\/\/i0.wp.com\/guidelaval.fr\/eva\/wp-content\/uploads\/2015\/10\/pelleteuse.jpg?fit=188%2C210&ssl=1","jetpack_sharing_enabled":true,"jetpack_shortlink":"https:\/\/wp.me\/p7cFdd-1","jetpack-related-posts":[{"id":769,"url":"https:\/\/guidelaval.fr\/eva\/2016\/02\/01\/melanie-levy-thiebaut-directrice-de-lensemble-instrumental-de-la-mayenne-eim-a-fait-le-choix-de-compositeurs-de-musique-contemporaine\/","url_meta":{"origin":1,"position":0},"title":"La Folle journ\u00e9e : salle de l&rsquo;Avant sc\u00e8ne","date":"1 f\u00e9vrier 2016","format":false,"excerpt":"M\u00e9lanie L\u00e9vy-Thi\u00e9baut, directrice de l'Ensemble instrumental de la Mayenne (EIM), a fait le choix de compositeurs de musique contemporaine. La proposition de M\u00e9lanie L\u00e9vy-Thi\u00e9bault pour sa premi\u00e8re participation \u00e0 La Folle journ\u00e9e \u00e9tait audacieuse. Elle avait d\u00e9cid\u00e9 de faire jouer par les musiciens de l'Ensemble instrumental de la Mayenne qu'elle\u2026","rel":"","context":"Dans &quot;Non class\u00e9&quot;","img":{"alt_text":"","src":"https:\/\/i0.wp.com\/guidelaval.fr\/eva\/wp-content\/uploads\/2016\/02\/folle-journee.jpg?fit=640%2C360&ssl=1&resize=350%2C200","width":350,"height":200},"classes":[]},{"id":684,"url":"https:\/\/guidelaval.fr\/eva\/2015\/12\/06\/laval-le-marche-des-lumieres\/","url_meta":{"origin":1,"position":1},"title":"Laval: Le march\u00e9 des lumi\u00e8res","date":"6 d\u00e9cembre 2015","format":false,"excerpt":"\u00a0\u00a0 A Laval, le march\u00e9 des Lumi\u00e8res \u00e9tait ouvert ce samedi 5 d\u00e9cembre 2015. A la tomb\u00e9e de la nuit, ce samedi, le grand public a investi la place des Acacias.Entre l\u2019ouverture des Lumi\u00e8res et le march\u00e9 de No\u00ebl a \u00e9t\u00e9 intercal\u00e9 le March\u00e9 des lumi\u00e8res. Une premi\u00e8re \u00e0 Laval,\u2026","rel":"","context":"Dans &quot;Non class\u00e9&quot;","img":{"alt_text":"","src":"https:\/\/i0.wp.com\/guidelaval.fr\/eva\/wp-content\/uploads\/2015\/12\/marche-lumier-carre.jpg?fit=352%2C350&ssl=1&resize=350%2C200","width":350,"height":200},"classes":[]},{"id":1341,"url":"https:\/\/guidelaval.fr\/eva\/2023\/05\/07\/350-etudiants-reunis-a-laval\/","url_meta":{"origin":1,"position":2},"title":"350 \u00c9tudiants r\u00e9unis \u00e0 Laval","date":"7 mai 2023","format":false,"excerpt":"Samedi 06 mai 2023 17:39 350 \u00e9tudiants et \u00e9l\u00e8ves r\u00e9unis \u00e0 Laval ... 350 \u00e9tudiants et \u00e9l\u00e8ves en formation pr\u00e9parant aux professions des secteurs de la sant\u00e9 et du social, ont \u00e9t\u00e9 r\u00e9unis jeudi 4 mai 2023 \u00e0 l\u2019Espace Mayenne. Une r\u00e9union pour travailler autour de la th\u00e9matique du num\u00e9rique\u2026","rel":"","context":"Dans &quot;Non class\u00e9&quot;","img":{"alt_text":"","src":"https:\/\/i0.wp.com\/guidelaval.fr\/eva\/wp-content\/uploads\/2023\/05\/etudiants.jpg?fit=1200%2C560&ssl=1&resize=350%2C200","width":350,"height":200},"classes":[]},{"id":744,"url":"https:\/\/guidelaval.fr\/eva\/2016\/01\/22\/744\/","url_meta":{"origin":1,"position":3},"title":"Orchestre du Pays de Mayenne","date":"22 janvier 2016","format":false,"excerpt":"\u00a0\u00a0Le brass-band r\u00e9unit vingt-huit des soixante musiciens de l\u2019Orchestre d\u2019harmonie du Pays de Mayenne. Ce type de formation musicale est n\u00e9e en Grande-Bretagne, au XIXe si\u00e8cle.\u00a9 DR Comme chaque ann\u00e9e, le brass-band de l\u2019Orchestre d\u2019harmonie du Pays de Mayenne donne son concert gratuit. Au programme : un r\u00e9pertoire vari\u00e9 et\u2026","rel":"","context":"Dans &quot;spectacles&quot;","img":{"alt_text":"","src":"https:\/\/i0.wp.com\/guidelaval.fr\/eva\/wp-content\/uploads\/2016\/01\/brass-band.jpg?fit=640%2C360&ssl=1&resize=350%2C200","width":350,"height":200},"classes":[]},{"id":749,"url":"https:\/\/guidelaval.fr\/eva\/2016\/01\/24\/salon-de-la-bd-a-laval\/","url_meta":{"origin":1,"position":4},"title":"Salon de la BD \u00e0 Laval","date":"24 janvier 2016","format":false,"excerpt":"\u00a0\u00a0Ce dimanche 24 janvier \u00e0 l'espace Scomam, une quarantaine d'exposants vendront bandes dessin\u00e9es, vinyles et disques. Avis aux chineurs ! \u00ab Il y a deux ans, nous avons commenc\u00e9 \u00e0 discuter de notre envie de lancer ce salon, \u00e0 Laval, avec Bernard \u00bb, se souvient Hubert Lami, un fan de\u2026","rel":"","context":"Dans &quot;Non class\u00e9&quot;","img":{"alt_text":"","src":"https:\/\/i0.wp.com\/guidelaval.fr\/eva\/wp-content\/uploads\/2016\/01\/salon-bd.jpg?fit=640%2C360&ssl=1&resize=350%2C200","width":350,"height":200},"classes":[]},{"id":1159,"url":"https:\/\/guidelaval.fr\/eva\/2016\/09\/03\/daniel-leray-un-des-artistes-darfi-qui-exposent-a-mayenne\/","url_meta":{"origin":1,"position":5},"title":"Daniel Leray, un des artistes d&rsquo;Arfi qui exposent \u00e0 Mayenne","date":"3 septembre 2016","format":false,"excerpt":"Daniel Leray, soci\u00e9taire de la soci\u00e9t\u00e9 fran\u00e7aise de l\u2019Aquarelle, devant deux de ses tableaux \u00e0 la chapelle des Calvairiennes.\u00a9 Ouest-France Invit\u00e9 d\u2019honneur de l\u2019exposition des peintres et sculpteurs d\u2019Arfi, \u00e0 la chapelle des Calvairiennes, le Mayennais Daniel Leray, 81 ans, partage sa passion pour la peinture et le dessin. Aussi\u2026","rel":"","context":"Dans &quot;Non class\u00e9&quot;","img":{"alt_text":"","src":"https:\/\/i0.wp.com\/guidelaval.fr\/eva\/wp-content\/uploads\/2016\/09\/peintre-leray.jpg?fit=640%2C360&ssl=1&resize=350%2C200","width":350,"height":200},"classes":[]}],"_links":{"self":[{"href":"https:\/\/guidelaval.fr\/eva\/wp-json\/wp\/v2\/posts\/1"}],"collection":[{"href":"https:\/\/guidelaval.fr\/eva\/wp-json\/wp\/v2\/posts"}],"about":[{"href":"https:\/\/guidelaval.fr\/eva\/wp-json\/wp\/v2\/types\/post"}],"author":[{"embeddable":true,"href":"https:\/\/guidelaval.fr\/eva\/wp-json\/wp\/v2\/users\/1"}],"replies":[{"embeddable":true,"href":"https:\/\/guidelaval.fr\/eva\/wp-json\/wp\/v2\/comments?post=1"}],"version-history":[{"count":3,"href":"https:\/\/guidelaval.fr\/eva\/wp-json\/wp\/v2\/posts\/1\/revisions"}],"predecessor-version":[{"id":96,"href":"https:\/\/guidelaval.fr\/eva\/wp-json\/wp\/v2\/posts\/1\/revisions\/96"}],"wp:featuredmedia":[{"embeddable":true,"href":"https:\/\/guidelaval.fr\/eva\/wp-json\/wp\/v2\/media\/57"}],"wp:attachment":[{"href":"https:\/\/guidelaval.fr\/eva\/wp-json\/wp\/v2\/media?parent=1"}],"wp:term":[{"taxonomy":"category","embeddable":true,"href":"https:\/\/guidelaval.fr\/eva\/wp-json\/wp\/v2\/categories?post=1"},{"taxonomy":"post_tag","embeddable":true,"href":"https:\/\/guidelaval.fr\/eva\/wp-json\/wp\/v2\/tags?post=1"}],"curies":[{"name":"wp","href":"https:\/\/api.w.org\/{rel}","templated":true}]}}