{"id":1154,"date":"2016-09-02T12:35:11","date_gmt":"2016-09-02T10:35:11","guid":{"rendered":"http:\/\/guidelaval.fr\/?p=1154"},"modified":"2016-09-02T12:37:33","modified_gmt":"2016-09-02T10:37:33","slug":"un-week-end-destivales-de-lorgue-a-la-cathedrale","status":"publish","type":"post","link":"https:\/\/guidelaval.fr\/eva\/2016\/09\/02\/un-week-end-destivales-de-lorgue-a-la-cathedrale\/","title":{"rendered":"Un week-end d&rsquo;Estivales de l&rsquo;orgue \u00e0 la cath\u00e9drale"},"content":{"rendered":"<table align=\"center\">\n<tbody>\n<tr>\n<td width=\"62%\"><a href=\"https:\/\/i0.wp.com\/guidelaval.fr\/eva\/wp-content\/uploads\/2016\/09\/orgues-laval.jpg\" rel=\"attachment wp-att-745\"><img data-attachment-id=\"745\" data-permalink=\"https:\/\/guidelaval.fr\/eva\/2016\/01\/22\/744\/brass-band\/\" data-orig-file=\"https:\/\/i0.wp.com\/guidelaval.fr\/eva\/wp-content\/uploads\/2016\/01\/brass-band.jpg?fit=640%2C360&amp;ssl=1\" data-orig-size=\"640,360\" data-comments-opened=\"0\" data-image-meta=\"{&quot;aperture&quot;:&quot;0&quot;,&quot;credit&quot;:&quot;&quot;,&quot;camera&quot;:&quot;&quot;,&quot;caption&quot;:&quot;&quot;,&quot;created_timestamp&quot;:&quot;0&quot;,&quot;copyright&quot;:&quot;&quot;,&quot;focal_length&quot;:&quot;0&quot;,&quot;iso&quot;:&quot;0&quot;,&quot;shutter_speed&quot;:&quot;0&quot;,&quot;title&quot;:&quot;&quot;,&quot;orientation&quot;:&quot;1&quot;}\" data-image-title=\"brass-band\" data-image-description=\"\" data-image-caption=\"\" data-medium-file=\"https:\/\/i0.wp.com\/guidelaval.fr\/eva\/wp-content\/uploads\/2016\/01\/brass-band.jpg?fit=300%2C169&amp;ssl=1\" data-large-file=\"https:\/\/i0.wp.com\/guidelaval.fr\/eva\/wp-content\/uploads\/2016\/01\/brass-band.jpg?fit=640%2C360&amp;ssl=1\" decoding=\"async\" class=\"alignnone size-medium wp-image-745\" src=\"https:\/\/i0.wp.com\/guidelaval.fr\/eva\/wp-content\/uploads\/2016\/09\/orgues-laval.jpg?w=600\" alt=\"brass-band\" data-recalc-dims=\"1\" \/><\/a><\/td>\n<td><\/td>\n<td>\n<p style=\"text-align: justify;\">La deuxi\u00e8me \u00e9dition des Estivales de l&rsquo;orgue a d\u00e9but\u00e9 mardi 30 ao\u00fbt par une master class. Elles se poursuivent avec trois r\u00e9citals.<\/p>\n<\/td>\n<\/tr>\n<tr>\n<td colspan=\"3\"><\/td>\n<\/tr>\n<tr>\n<td colspan=\"3\">\n<p style=\"text-align: justify;\">\nUn festival, trois r\u00e9citals \u00e0 la cath\u00e9drale de Laval ce week-end. C&rsquo;est le programme des Estivales de l&rsquo;orgue port\u00e9es par l&rsquo;Association pour la promotion des orgues de la cath\u00e9drale de Laval et de la Mayenne.<br \/>\nVendredi 2 septembre<br \/>\nMarie-Christine Steinmetz est titulaire de l\u2019orgue de l\u2019\u00e9glise Sainte-Marguerite \u00e0 Paris. Au programme de son r\u00e9cital\u2009: Jean-S\u00e9bastien Bach (pr\u00e9lude et fugue en ut majeur), Mozart (fantaisie et fugue en fa mineur), F\u00e9lix Mendelssohn (3e sonate), L\u00e9once de Saint-Martin (pr\u00e9lude de la suite cyclique), Eug\u00e8ne Reuchsel (promenades en Provence), Jean Steinmetz (carillon \u00e0 la m\u00e9moire de Louis Vierne). \u00c0 20\u2009h\u200930, libre participation.<br \/>\nSamedi 3 septembre<br \/>\nEmmanuel Hocd\u00e9, titulaire de l\u2019orgue de la cath\u00e9drale de Laval. A 20\u2009h\u200930, libre participation.<br \/>\nDimanche 4 septembre<br \/>\nAujourd\u2019hui organiste \u00e0 Laval, c\u2019est \u00e0 l\u2019\u00e2ge de 6 ans et demi que Karen Arcile d\u00e9couvre l\u2019orgue. N\u00e9e \u00e0 Ch\u00e2teau-Gontier, elle a obtenu un prix du conservatoire \u00e0 Nantes en 2008, un premier prix de perfectionnement en 2014. Elle a \u00e9galement re\u00e7u le 3e prix lors d\u2019un concours international \u00e0 Miami. Pour le r\u00e9cital, elle a choisi d\u2019interpr\u00e9ter, entre autres, les \u0153uvres de Jean-S\u00e9bastien Bach (toccata et fugue en r\u00e9 mineur), quatre Chorals Sch\u00fcbler, deux fugues en sol mineur et majeur, Theodore Dubois (toccata) ; L\u00e9on Bo\u00ebllman (suite gothique) ; C\u00e9sar Franck (cantabile) ; Charles-Marie Widor (toccata). A 16 h, libre participation.<\/p>\n<\/td>\n<\/tr>\n<\/tbody>\n<\/table>\n","protected":false},"excerpt":{"rendered":"<p>La deuxi\u00e8me \u00e9dition des Estivales de l&rsquo;orgue a d\u00e9but\u00e9 mardi 30 ao\u00fbt par une master class. Elles se poursuivent avec trois r\u00e9citals. Un festival, trois r\u00e9citals \u00e0 la cath\u00e9drale de Laval ce week-end. C&rsquo;est le programme des Estivales de l&rsquo;orgue &hellip; <a href=\"https:\/\/guidelaval.fr\/eva\/2016\/09\/02\/un-week-end-destivales-de-lorgue-a-la-cathedrale\/\">Lire la suite\u00ad\u00ad<\/a><\/p>\n","protected":false},"author":1,"featured_media":1155,"comment_status":"closed","ping_status":"closed","sticky":false,"template":"","format":"standard","meta":{"kt_blocks_editor_width":"","jetpack_post_was_ever_published":false,"jetpack_publicize_message":"","jetpack_is_tweetstorm":false,"jetpack_publicize_feature_enabled":true,"jetpack_social_post_already_shared":true,"jetpack_social_options":{"image_generator_settings":{"template":"highway","enabled":false}}},"categories":[1],"tags":[],"jetpack_publicize_connections":[],"jetpack_featured_media_url":"https:\/\/i0.wp.com\/guidelaval.fr\/eva\/wp-content\/uploads\/2016\/09\/orgues-laval.jpg?fit=640%2C360&ssl=1","jetpack_sharing_enabled":true,"jetpack_shortlink":"https:\/\/wp.me\/p7cFdd-iC","jetpack-related-posts":[{"id":638,"url":"https:\/\/guidelaval.fr\/eva\/2015\/11\/23\/les-lumieres-de-laval\/","url_meta":{"origin":1154,"position":0},"title":"Les lumi\u00e8res de Laval","date":"23 novembre 2015","format":false,"excerpt":"\u00a0\u00a0Lumi\u00e8res de Laval : pourquoi le feu d'artifice est annul\u00e9 ? La mairie de Laval a annonc\u00e9, \u00e0 14 h 30 ce lundi 23 novembre, que le feu d'artifice associ\u00e9 au lancement des illuminations de Laval n'aurait pas lieu samedi 28 novembre. B\u00e9atrice Mottier, adjointe aux maires, et Fran\u00e7ois Zocchetto,\u2026","rel":"","context":"Dans &quot;soci\u00e9t\u00e9&quot;","img":{"alt_text":"","src":"https:\/\/i0.wp.com\/guidelaval.fr\/eva\/wp-content\/uploads\/2015\/11\/feu-laval-carre.jpg?fit=360%2C360&ssl=1&resize=350%2C200","width":350,"height":200},"classes":[]},{"id":1341,"url":"https:\/\/guidelaval.fr\/eva\/2023\/05\/07\/350-etudiants-reunis-a-laval\/","url_meta":{"origin":1154,"position":1},"title":"350 \u00c9tudiants r\u00e9unis \u00e0 Laval","date":"7 mai 2023","format":false,"excerpt":"Samedi 06 mai 2023 17:39 350 \u00e9tudiants et \u00e9l\u00e8ves r\u00e9unis \u00e0 Laval ... 350 \u00e9tudiants et \u00e9l\u00e8ves en formation pr\u00e9parant aux professions des secteurs de la sant\u00e9 et du social, ont \u00e9t\u00e9 r\u00e9unis jeudi 4 mai 2023 \u00e0 l\u2019Espace Mayenne. Une r\u00e9union pour travailler autour de la th\u00e9matique du num\u00e9rique\u2026","rel":"","context":"Dans &quot;Non class\u00e9&quot;","img":{"alt_text":"","src":"https:\/\/i0.wp.com\/guidelaval.fr\/eva\/wp-content\/uploads\/2023\/05\/etudiants.jpg?fit=1200%2C560&ssl=1&resize=350%2C200","width":350,"height":200},"classes":[]},{"id":684,"url":"https:\/\/guidelaval.fr\/eva\/2015\/12\/06\/laval-le-marche-des-lumieres\/","url_meta":{"origin":1154,"position":2},"title":"Laval: Le march\u00e9 des lumi\u00e8res","date":"6 d\u00e9cembre 2015","format":false,"excerpt":"\u00a0\u00a0 A Laval, le march\u00e9 des Lumi\u00e8res \u00e9tait ouvert ce samedi 5 d\u00e9cembre 2015. A la tomb\u00e9e de la nuit, ce samedi, le grand public a investi la place des Acacias.Entre l\u2019ouverture des Lumi\u00e8res et le march\u00e9 de No\u00ebl a \u00e9t\u00e9 intercal\u00e9 le March\u00e9 des lumi\u00e8res. Une premi\u00e8re \u00e0 Laval,\u2026","rel":"","context":"Dans &quot;Non class\u00e9&quot;","img":{"alt_text":"","src":"https:\/\/i0.wp.com\/guidelaval.fr\/eva\/wp-content\/uploads\/2015\/12\/marche-lumier-carre.jpg?fit=352%2C350&ssl=1&resize=350%2C200","width":350,"height":200},"classes":[]},{"id":1184,"url":"https:\/\/guidelaval.fr\/eva\/2016\/10\/02\/laval-accueille-ses-etudiants\/","url_meta":{"origin":1154,"position":3},"title":"Laval accueille ses \u00e9tudiants","date":"2 octobre 2016","format":false,"excerpt":"Laval Accueille ses \u00e9tudiants jeudi 6 octobre 2016 17h \/ 20h au square de boston de Laval. R\u00e8glement challenge inter-\u00e9tablissement par \u00e9quipe. principe : une \u00e9quipe par \u00e9tablissement ou d\u00e9partement IUT Composition : Entre 6 et 9 \u00e9tudiants, Mixit\u00e9 obligatoire Au minimum 3 nouveaux \u00e9tudiants Au maximum 2 \u00e9tudiants membres\u2026","rel":"","context":"Dans &quot;Non class\u00e9&quot;","img":{"alt_text":"","src":"https:\/\/i0.wp.com\/guidelaval.fr\/eva\/wp-content\/uploads\/2016\/10\/cij-zut.jpg?fit=848%2C1200&ssl=1&resize=350%2C200","width":350,"height":200},"classes":[]},{"id":1338,"url":"https:\/\/guidelaval.fr\/eva\/2023\/05\/07\/la-protection-civile-en-mayenne\/","url_meta":{"origin":1154,"position":4},"title":"La Protection civile en Mayenne","date":"7 mai 2023","format":false,"excerpt":"La Ville de Laval et la Protection civile ont sign\u00e9 une convention pour mettre officiellement des locaux \u00e0 la disposition de l\u2019association. Tr\u00e8s active depuis le d\u00e9but de la crise sanitaire du Covid, la Protection civile a vu ses missions \u00e9voluer \u00e0 la fin de l\u2019\u00e9pid\u00e9mie. Les b\u00e9n\u00e9voles de la\u2026","rel":"","context":"Dans &quot;Non class\u00e9&quot;","img":{"alt_text":"","src":"https:\/\/i0.wp.com\/guidelaval.fr\/eva\/wp-content\/uploads\/2023\/05\/protection-civile.jpg?fit=1200%2C763&ssl=1&resize=350%2C200","width":350,"height":200},"classes":[]},{"id":1204,"url":"https:\/\/guidelaval.fr\/eva\/2016\/11\/30\/le-marche-des-lumieres-3-decembre\/","url_meta":{"origin":1154,"position":5},"title":"LE MARCH\u00c9 DES LUMI\u00c8RES \/ 3 d\u00e9cembre","date":"30 novembre 2016","format":false,"excerpt":"Le March\u00e9 des Lumi\u00e8res 2\u00e9me \u00e9dition Cr\u00e9er une nouvelle animation \u00e0 Laval, apporter une offre diff\u00e9rente et compl\u00e9mentaire du march\u00e9 de No\u00ebl et animer le Vieux-Laval, tels sont les objectifs de la Ville, qui organise, en partenariat avec diff\u00e9rentes associations, son 2eme march\u00e9 des Lumi\u00e8res. Plus d'une vingtaine de jeunes\u2026","rel":"","context":"Dans &quot;Non class\u00e9&quot;","img":{"alt_text":"","src":"https:\/\/i0.wp.com\/guidelaval.fr\/eva\/wp-content\/uploads\/2016\/11\/marche-lumieres.jpg?fit=384%2C540&ssl=1&resize=350%2C200","width":350,"height":200},"classes":[]}],"_links":{"self":[{"href":"https:\/\/guidelaval.fr\/eva\/wp-json\/wp\/v2\/posts\/1154"}],"collection":[{"href":"https:\/\/guidelaval.fr\/eva\/wp-json\/wp\/v2\/posts"}],"about":[{"href":"https:\/\/guidelaval.fr\/eva\/wp-json\/wp\/v2\/types\/post"}],"author":[{"embeddable":true,"href":"https:\/\/guidelaval.fr\/eva\/wp-json\/wp\/v2\/users\/1"}],"replies":[{"embeddable":true,"href":"https:\/\/guidelaval.fr\/eva\/wp-json\/wp\/v2\/comments?post=1154"}],"version-history":[{"count":3,"href":"https:\/\/guidelaval.fr\/eva\/wp-json\/wp\/v2\/posts\/1154\/revisions"}],"predecessor-version":[{"id":1158,"href":"https:\/\/guidelaval.fr\/eva\/wp-json\/wp\/v2\/posts\/1154\/revisions\/1158"}],"wp:featuredmedia":[{"embeddable":true,"href":"https:\/\/guidelaval.fr\/eva\/wp-json\/wp\/v2\/media\/1155"}],"wp:attachment":[{"href":"https:\/\/guidelaval.fr\/eva\/wp-json\/wp\/v2\/media?parent=1154"}],"wp:term":[{"taxonomy":"category","embeddable":true,"href":"https:\/\/guidelaval.fr\/eva\/wp-json\/wp\/v2\/categories?post=1154"},{"taxonomy":"post_tag","embeddable":true,"href":"https:\/\/guidelaval.fr\/eva\/wp-json\/wp\/v2\/tags?post=1154"}],"curies":[{"name":"wp","href":"https:\/\/api.w.org\/{rel}","templated":true}]}}