{"id":730,"date":"2016-01-16T18:24:40","date_gmt":"2016-01-16T17:24:40","guid":{"rendered":"http:\/\/guidelaval.fr\/eva\/?p=730"},"modified":"2016-01-16T18:27:41","modified_gmt":"2016-01-16T17:27:41","slug":"rotary-loto-2015","status":"publish","type":"post","link":"https:\/\/guidelaval.fr\/eva\/2016\/01\/16\/rotary-loto-2015\/","title":{"rendered":"Rotary : Loto 2015"},"content":{"rendered":"<table align=\"center\">\n<tbody>\n<tr>\n<td width=\"62%\">\n<a href=\"https:\/\/i0.wp.com\/guidelaval.fr\/eva\/wp-content\/uploads\/2015\/12\/gaspillage.jpg\"><img data-attachment-id=\"686\" data-permalink=\"https:\/\/guidelaval.fr\/eva\/2015\/12\/06\/laval-le-marche-des-lumieres\/marche-lumieres\/\" data-orig-file=\"https:\/\/i0.wp.com\/guidelaval.fr\/eva\/wp-content\/uploads\/2015\/12\/marche-lumieres.jpg?fit=640%2C360&amp;ssl=1\" data-orig-size=\"640,360\" data-comments-opened=\"0\" data-image-meta=\"{&quot;aperture&quot;:&quot;0&quot;,&quot;credit&quot;:&quot;&quot;,&quot;camera&quot;:&quot;&quot;,&quot;caption&quot;:&quot;&quot;,&quot;created_timestamp&quot;:&quot;0&quot;,&quot;copyright&quot;:&quot;&quot;,&quot;focal_length&quot;:&quot;0&quot;,&quot;iso&quot;:&quot;0&quot;,&quot;shutter_speed&quot;:&quot;0&quot;,&quot;title&quot;:&quot;&quot;,&quot;orientation&quot;:&quot;1&quot;}\" data-image-title=\"marche-lumieres\" data-image-description=\"\" data-image-caption=\"\" data-medium-file=\"https:\/\/i0.wp.com\/guidelaval.fr\/eva\/wp-content\/uploads\/2015\/12\/marche-lumieres.jpg?fit=300%2C169&amp;ssl=1\" data-large-file=\"https:\/\/i0.wp.com\/guidelaval.fr\/eva\/wp-content\/uploads\/2015\/12\/marche-lumieres.jpg?fit=640%2C360&amp;ssl=1\" decoding=\"async\" src=\"https:\/\/i0.wp.com\/guidelaval.fr\/eva\/wp-content\/uploads\/2016\/01\/loto2015-rotary.jpg?w=600\" alt=\"loto-rotary\"  class=\"alignnone size-medium wp-image-686\" data-recalc-dims=\"1\" \/><\/a><\/td>\n<td>&nbsp;&nbsp;<\/td>\n<td>\n<p style=\"text-align: justify;\">Nouvelle \u00e9dition de notre loto qui a rassembl\u00e9 pr\u00e8s de 700 personnes.\n<\/p>\n<\/td>\n<\/tr>\n<tr>\n<td colspan=\"3\"><\/td>\n<\/tr>\n<tr>\n<td colspan=\"3\">\n<p style=\"text-align: justify;\">\n<p>Depuis plusieurs semaines, les lots avaient \u00e9t\u00e9 choisis, la salle r\u00e9serv\u00e9e, de nombreux flyers distribu\u00e9s.Tous les membres du club \u00e9taient pr\u00e9sents accompagn\u00e9s de leurs \u00e9pouses. Ces derni\u00e8res avaient confectionn\u00e9s g\u00e2teaux, cr\u00eapes et sandwichs.<br \/>\nLes participants sont repartis contents de cette soir\u00e9e qui a permis de distribuer de nombreux lots . En effet, les voisins de table de chaque gagnant recevaient eux aussi un lot.<br \/>\nLes invendus des p\u00e2tisseries ont \u00e9t\u00e9 offerts aux personnes du public qui \u00e9taient rest\u00e9es en fin de soir\u00e9e pour aider au rangement.\n<\/p>\n<\/td>\n<p><\/body><\/table>\n","protected":false},"excerpt":{"rendered":"<p>&nbsp;&nbsp; Nouvelle \u00e9dition de notre loto qui a rassembl\u00e9 pr\u00e8s de 700 personnes. Depuis plusieurs semaines, les lots avaient \u00e9t\u00e9 choisis, la salle r\u00e9serv\u00e9e, de nombreux flyers distribu\u00e9s.Tous les membres du club \u00e9taient pr\u00e9sents accompagn\u00e9s de leurs \u00e9pouses. Ces derni\u00e8res &hellip; <a href=\"https:\/\/guidelaval.fr\/eva\/2016\/01\/16\/rotary-loto-2015\/\">Lire la suite\u00ad\u00ad<\/a><\/p>\n","protected":false},"author":1,"featured_media":731,"comment_status":"closed","ping_status":"closed","sticky":false,"template":"","format":"standard","meta":{"kt_blocks_editor_width":"","jetpack_post_was_ever_published":false,"jetpack_publicize_message":"","jetpack_is_tweetstorm":false,"jetpack_publicize_feature_enabled":true,"jetpack_social_post_already_shared":false,"jetpack_social_options":{"image_generator_settings":{"template":"highway","enabled":false}}},"categories":[1],"tags":[],"jetpack_publicize_connections":[],"jetpack_featured_media_url":"https:\/\/i0.wp.com\/guidelaval.fr\/eva\/wp-content\/uploads\/2016\/01\/loto2015-rotary.jpg?fit=629%2C367&ssl=1","jetpack_sharing_enabled":true,"jetpack_shortlink":"https:\/\/wp.me\/p7cFdd-bM","jetpack-related-posts":[{"id":1019,"url":"https:\/\/guidelaval.fr\/eva\/2016\/04\/25\/les-motards-sensibilisent-au-don-du-sang\/","url_meta":{"origin":730,"position":0},"title":"Les motards sensibilisent au don du sang","date":"25 avril 2016","format":false,"excerpt":"\u00a0 Mayenne. 1 600 motards sur les routes pour sensibiliser au don du sang Dimanche 24 avril, mille motos sont parties de Laval pour collecter des promesses de dons de sang, de moelle osseuse et d\u2019organes, dans tout le d\u00e9partement. Des moteurs qui p\u00e9taradent, des motards qui s\u2019engagent et du\u2026","rel":"","context":"Dans &quot;Sant\u00e9&quot;","img":{"alt_text":"","src":"https:\/\/i0.wp.com\/guidelaval.fr\/eva\/wp-content\/uploads\/2016\/04\/les-motards.jpg?fit=640%2C360&ssl=1&resize=350%2C200","width":350,"height":200},"classes":[]},{"id":856,"url":"https:\/\/guidelaval.fr\/eva\/2016\/04\/04\/des-activites-pour-occuper-les-enfants-pendant-les-vacances-scolaires\/","url_meta":{"origin":730,"position":1},"title":"Vacances scolaires : P\u00e2cques 2016","date":"4 avril 2016","format":false,"excerpt":"\u00a0\u00a0Des activit\u00e9s pour occuper les enfants pendant les vacances scolaires ou une soir\u00e9e concert... Voici une s\u00e9lection des sorties de la semaine pr\u00e8s de Mayenne du 4 au 8 avril. Toute la semaine \u2022 Le mus\u00e9e arch\u00e9ologique de Jublains organise l\u2019op\u00e9ration Mes vacances au mus\u00e9e. Plusieurs animations sont pr\u00e9vues pour\u2026","rel":"","context":"Dans &quot;Non class\u00e9&quot;","img":{"alt_text":"","src":"https:\/\/i0.wp.com\/guidelaval.fr\/eva\/wp-content\/uploads\/2016\/04\/vacances.jpg?fit=640%2C330&ssl=1&resize=350%2C200","width":350,"height":200},"classes":[]},{"id":234,"url":"https:\/\/guidelaval.fr\/eva\/2015\/11\/04\/gare-de-laval\/","url_meta":{"origin":730,"position":2},"title":"Gare de Laval","date":"4 novembre 2015","format":false,"excerpt":"L\u2019int\u00e9rieur de la gare de Laval va \u00eatre enti\u00e8rement refait. La SNCF promet que le chantier, qui doit durer un an, sera transparent pour les usagers. Pourquoi engager des travaux \u00e0 la gare de Laval\u2009? Parce que la ligne \u00e0 grande vitesse sera mise en service en 2017. Pour les\u2026","rel":"","context":"Dans &quot;travaux&quot;","img":{"alt_text":"travaux-gare-laval","src":"https:\/\/i0.wp.com\/guidelaval.fr\/eva\/wp-content\/uploads\/2015\/11\/gare-laval.jpg?fit=640%2C360&ssl=1&resize=350%2C200","width":350,"height":200},"classes":[]},{"id":621,"url":"https:\/\/guidelaval.fr\/eva\/2015\/11\/20\/lart-de-rue\/","url_meta":{"origin":730,"position":3},"title":"L&rsquo;art de rue","date":"20 novembre 2015","format":false,"excerpt":"\u00a0\u00a0La nouvelle association lavalloise l'Art au centre affiche son premier projet : douze illustrations de 4x3 m\u00e8tres pour orner les murs de la rive droite. \u00a0 Jean Lecointre. illustrateur de notori\u00e9t\u00e9 nationale a \u00e9t\u00e9 retenu pour la premi\u00e8re exposition de l'association, dont le commissaire n'est autre que le sculpteur, peintre\u2026","rel":"","context":"Dans &quot;spectacles&quot;","img":{"alt_text":"","src":"https:\/\/i0.wp.com\/guidelaval.fr\/eva\/wp-content\/uploads\/2015\/11\/art-rue-carre.jpg?fit=340%2C339&ssl=1&resize=350%2C200","width":350,"height":200},"classes":[]},{"id":1165,"url":"https:\/\/guidelaval.fr\/eva\/2016\/09\/05\/des-graines-de-scientifiques-primes\/","url_meta":{"origin":730,"position":4},"title":"DES GRAINES DE SCIENTIFIQUES PRIM\u00c9S","date":"5 septembre 2016","format":false,"excerpt":"Des graines de scientifiques Les \u00e9l\u00e8ves lavallois ne manquent pas de motivation pour exprimer leur passion des sciences ! Des \u00e9l\u00e8ves du lyc\u00e9e Douanier Rousseau, Maude Leriche, Ma\u00ebva Loisnard et Nicolas Metay ont remport\u00e9 un premier prix lors de la finale nationale du concours C.G\u00e9nial, \u00e0 Paris le 21 mai,\u2026","rel":"","context":"Dans &quot;Non class\u00e9&quot;","img":{"alt_text":"","src":"https:\/\/i0.wp.com\/guidelaval.fr\/eva\/wp-content\/uploads\/2016\/09\/graines.jpg?fit=540%2C405&ssl=1&resize=350%2C200","width":350,"height":200},"classes":[]},{"id":1178,"url":"https:\/\/guidelaval.fr\/eva\/2016\/10\/01\/handi-cheval-mayenne\/","url_meta":{"origin":730,"position":5},"title":"Handi-Cheval Mayenne","date":"1 octobre 2016","format":false,"excerpt":"Remise d'un ch\u00e8que de 5300 euros par les pr\u00e9sidents des clubs services mayennais \u00e0 la responsable de Handi-Cheval Mayenne. Comme chaque ann\u00e9e, l\u2019association Handi Cheval Mayenne, qui a pour but le d\u00e9veloppement de la pratique des activit\u00e9s \u00e9questres par les personnes en situation de handicap ou en difficult\u00e9 d\u2019adaptation, pr\u00e9sente\u2026","rel":"","context":"Dans &quot;Non class\u00e9&quot;","img":{"alt_text":"","src":"https:\/\/i0.wp.com\/guidelaval.fr\/eva\/wp-content\/uploads\/2016\/10\/photo-handi.jpg?fit=1200%2C900&ssl=1&resize=350%2C200","width":350,"height":200},"classes":[]}],"_links":{"self":[{"href":"https:\/\/guidelaval.fr\/eva\/wp-json\/wp\/v2\/posts\/730"}],"collection":[{"href":"https:\/\/guidelaval.fr\/eva\/wp-json\/wp\/v2\/posts"}],"about":[{"href":"https:\/\/guidelaval.fr\/eva\/wp-json\/wp\/v2\/types\/post"}],"author":[{"embeddable":true,"href":"https:\/\/guidelaval.fr\/eva\/wp-json\/wp\/v2\/users\/1"}],"replies":[{"embeddable":true,"href":"https:\/\/guidelaval.fr\/eva\/wp-json\/wp\/v2\/comments?post=730"}],"version-history":[{"count":4,"href":"https:\/\/guidelaval.fr\/eva\/wp-json\/wp\/v2\/posts\/730\/revisions"}],"predecessor-version":[{"id":735,"href":"https:\/\/guidelaval.fr\/eva\/wp-json\/wp\/v2\/posts\/730\/revisions\/735"}],"wp:featuredmedia":[{"embeddable":true,"href":"https:\/\/guidelaval.fr\/eva\/wp-json\/wp\/v2\/media\/731"}],"wp:attachment":[{"href":"https:\/\/guidelaval.fr\/eva\/wp-json\/wp\/v2\/media?parent=730"}],"wp:term":[{"taxonomy":"category","embeddable":true,"href":"https:\/\/guidelaval.fr\/eva\/wp-json\/wp\/v2\/categories?post=730"},{"taxonomy":"post_tag","embeddable":true,"href":"https:\/\/guidelaval.fr\/eva\/wp-json\/wp\/v2\/tags?post=730"}],"curies":[{"name":"wp","href":"https:\/\/api.w.org\/{rel}","templated":true}]}}