{"id":856,"date":"2016-04-04T11:38:23","date_gmt":"2016-04-04T09:38:23","guid":{"rendered":"http:\/\/guidelaval.fr\/eva\/?p=856"},"modified":"2016-04-04T12:21:52","modified_gmt":"2016-04-04T10:21:52","slug":"des-activites-pour-occuper-les-enfants-pendant-les-vacances-scolaires","status":"publish","type":"post","link":"https:\/\/guidelaval.fr\/eva\/2016\/04\/04\/des-activites-pour-occuper-les-enfants-pendant-les-vacances-scolaires\/","title":{"rendered":"Vacances scolaires : P\u00e2cques 2016"},"content":{"rendered":"<table align=\"center\">\n<tbody>\n<tr>\n<td width=\"62%\"><a href=\"https:\/\/i0.wp.com\/guidelaval.fr\/eva\/wp-content\/uploads\/2016\/01\/brass-band.jpg\" rel=\"attachment wp-att-745\"><img data-attachment-id=\"745\" data-permalink=\"https:\/\/guidelaval.fr\/eva\/2016\/01\/22\/744\/brass-band\/\" data-orig-file=\"https:\/\/i0.wp.com\/guidelaval.fr\/eva\/wp-content\/uploads\/2016\/01\/brass-band.jpg?fit=640%2C360&amp;ssl=1\" data-orig-size=\"640,360\" data-comments-opened=\"0\" data-image-meta=\"{&quot;aperture&quot;:&quot;0&quot;,&quot;credit&quot;:&quot;&quot;,&quot;camera&quot;:&quot;&quot;,&quot;caption&quot;:&quot;&quot;,&quot;created_timestamp&quot;:&quot;0&quot;,&quot;copyright&quot;:&quot;&quot;,&quot;focal_length&quot;:&quot;0&quot;,&quot;iso&quot;:&quot;0&quot;,&quot;shutter_speed&quot;:&quot;0&quot;,&quot;title&quot;:&quot;&quot;,&quot;orientation&quot;:&quot;1&quot;}\" data-image-title=\"brass-band\" data-image-description=\"\" data-image-caption=\"\" data-medium-file=\"https:\/\/i0.wp.com\/guidelaval.fr\/eva\/wp-content\/uploads\/2016\/01\/brass-band.jpg?fit=300%2C169&amp;ssl=1\" data-large-file=\"https:\/\/i0.wp.com\/guidelaval.fr\/eva\/wp-content\/uploads\/2016\/01\/brass-band.jpg?fit=640%2C360&amp;ssl=1\" decoding=\"async\" src=\"https:\/\/i0.wp.com\/guidelaval.fr\/eva\/wp-content\/uploads\/2016\/04\/vacances.jpg?w=600\" alt=\"brass-band\" class=\"alignnone size-medium wp-image-745\" data-recalc-dims=\"1\" \/><\/a>\n<\/td>\n<td>&nbsp;&nbsp;<\/td>\n<td>\n<p style=\"text-align: justify;\">Des activit\u00e9s pour occuper les enfants pendant les vacances scolaires ou une soir\u00e9e concert&#8230; Voici une s\u00e9lection des sorties de la semaine pr\u00e8s de Mayenne du 4 au 8 avril.<br \/>\nToute la semaine<\/p>\n<\/td>\n<\/tr>\n<tr>\n<td colspan=\"3\"><\/td>\n<\/tr>\n<tr>\n<td colspan=\"3\">\n<p style=\"text-align:justify;\">\n\u2022 Le mus\u00e9e arch\u00e9ologique de Jublains organise l\u2019op\u00e9ration Mes vacances au mus\u00e9e. Plusieurs animations sont pr\u00e9vues pour les enfants. Mardi et vendredi, \u00e0 10 h 30, les trois \u00e0 six ans pourront d\u00e9couvrir les objets vendus \u00e0 l\u2019\u00e9poque romaine et se changer en commer\u00e7ants. Tarif : 2 \u20ac. Toujours mardi et vendredi, les sept \u00e0 onze ans s\u2019int\u00e9resseront au commerce antique gr\u00e2ce \u00e0 un jeu de plateau. \u00c0 14 h, 5 \u20ac. Sur r\u00e9servation, au 02 43 58 13 20.<br \/>\n\u2022 Le mus\u00e9e du ch\u00e2teau de Mayenne propose aussi des animations pour les enfants pendant ces vacances de printemps. \u00c0 10 h 30, les cinq \u00e0 sept ans pourront suivre Moiti\u00e9 de coq qui part \u00e0 la recherche de son joli sou dor\u00e9. Tarif : 6 \u20ac. Les huit \u00e0 douze ans pourront partir \u00e0 la recherche des trois plumes d\u2019or du dragon d\u00e8s 14 h 30. Tarif : 6 \u20ac. Ces activit\u00e9s sont anim\u00e9es par l\u2019association La Sitelle, paroles et contes pour les villes et les champs. R\u00e9servations au 02 43 00 17 17. Vendredi 8 avril D\u00e9couvrez la programmation compl\u00e8te d\u2019Au foin de la rue avec une soir\u00e9e concert Chez Philippe, \u00e0 Montenay. Une fois l\u2019affiche d\u00e9voil\u00e9e, EZPZ (\u00e0 prononcer \u00ab easy peazy \u00bb), fera d\u00e9couvrir son univers particulier, qui m\u00e9lange le rap dans le style des Beastie Boys et les sonorit\u00e9s des Balkans. \u00c0 partir de 19 h, entr\u00e9e gratuite. Restauration sur place.\n<\/p>\n<\/td>\n<\/tr>\n<p><\/body><\/table>\n","protected":false},"excerpt":{"rendered":"<p>&nbsp;&nbsp; Des activit\u00e9s pour occuper les enfants pendant les vacances scolaires ou une soir\u00e9e concert&#8230; Voici une s\u00e9lection des sorties de la semaine pr\u00e8s de Mayenne du 4 au 8 avril. Toute la semaine \u2022 Le mus\u00e9e arch\u00e9ologique de Jublains &hellip; <a href=\"https:\/\/guidelaval.fr\/eva\/2016\/04\/04\/des-activites-pour-occuper-les-enfants-pendant-les-vacances-scolaires\/\">Lire la suite\u00ad\u00ad<\/a><\/p>\n","protected":false},"author":1,"featured_media":857,"comment_status":"closed","ping_status":"closed","sticky":false,"template":"","format":"standard","meta":{"kt_blocks_editor_width":"","jetpack_post_was_ever_published":false,"jetpack_publicize_message":"","jetpack_is_tweetstorm":false,"jetpack_publicize_feature_enabled":true,"jetpack_social_post_already_shared":true,"jetpack_social_options":{"image_generator_settings":{"template":"highway","enabled":false}}},"categories":[1],"tags":[],"jetpack_publicize_connections":[],"jetpack_featured_media_url":"https:\/\/i0.wp.com\/guidelaval.fr\/eva\/wp-content\/uploads\/2016\/04\/vacances.jpg?fit=640%2C330&ssl=1","jetpack_sharing_enabled":true,"jetpack_shortlink":"https:\/\/wp.me\/p7cFdd-dO","jetpack-related-posts":[{"id":1144,"url":"https:\/\/guidelaval.fr\/eva\/2016\/09\/02\/1144\/","url_meta":{"origin":856,"position":0},"title":"L&rsquo;Ecole d&rsquo;arts plastiques de Mayenne fait sa rentr\u00e9e","date":"2 septembre 2016","format":false,"excerpt":"Mathias Courtet, coordinateur, et Mathilde Bernard, m\u00e9diatrice de l\u2019\u00e9cole d\u2019arts plastiques du Kiosque, qui accueille tous les ans une centaine d\u2019\u00e9l\u00e8ves Comme chaque ann\u00e9e, le Kiosque multiplie les propositions pour s\u2019initier et approfondir les arts plastiques. Cette ann\u00e9e, les ateliers auront pour fil rouge la couleur. Alors que ce jeudi,\u2026","rel":"","context":"Dans &quot;Non class\u00e9&quot;","img":{"alt_text":"","src":"https:\/\/i0.wp.com\/guidelaval.fr\/eva\/wp-content\/uploads\/2016\/09\/le-kiosque.jpg?fit=640%2C360&ssl=1&resize=350%2C200","width":350,"height":200},"classes":[]},{"id":1154,"url":"https:\/\/guidelaval.fr\/eva\/2016\/09\/02\/un-week-end-destivales-de-lorgue-a-la-cathedrale\/","url_meta":{"origin":856,"position":1},"title":"Un week-end d&rsquo;Estivales de l&rsquo;orgue \u00e0 la cath\u00e9drale","date":"2 septembre 2016","format":false,"excerpt":"La deuxi\u00e8me \u00e9dition des Estivales de l'orgue a d\u00e9but\u00e9 mardi 30 ao\u00fbt par une master class. Elles se poursuivent avec trois r\u00e9citals. Un festival, trois r\u00e9citals \u00e0 la cath\u00e9drale de Laval ce week-end. C'est le programme des Estivales de l'orgue port\u00e9es par l'Association pour la promotion des orgues de la\u2026","rel":"","context":"Dans &quot;Non class\u00e9&quot;","img":{"alt_text":"","src":"https:\/\/i0.wp.com\/guidelaval.fr\/eva\/wp-content\/uploads\/2016\/09\/orgues-laval.jpg?fit=640%2C360&ssl=1&resize=350%2C200","width":350,"height":200},"classes":[]},{"id":621,"url":"https:\/\/guidelaval.fr\/eva\/2015\/11\/20\/lart-de-rue\/","url_meta":{"origin":856,"position":2},"title":"L&rsquo;art de rue","date":"20 novembre 2015","format":false,"excerpt":"\u00a0\u00a0La nouvelle association lavalloise l'Art au centre affiche son premier projet : douze illustrations de 4x3 m\u00e8tres pour orner les murs de la rive droite. \u00a0 Jean Lecointre. illustrateur de notori\u00e9t\u00e9 nationale a \u00e9t\u00e9 retenu pour la premi\u00e8re exposition de l'association, dont le commissaire n'est autre que le sculpteur, peintre\u2026","rel":"","context":"Dans &quot;spectacles&quot;","img":{"alt_text":"","src":"https:\/\/i0.wp.com\/guidelaval.fr\/eva\/wp-content\/uploads\/2015\/11\/art-rue-carre.jpg?fit=340%2C339&ssl=1&resize=350%2C200","width":350,"height":200},"classes":[]},{"id":1338,"url":"https:\/\/guidelaval.fr\/eva\/2023\/05\/07\/la-protection-civile-en-mayenne\/","url_meta":{"origin":856,"position":3},"title":"La Protection civile en Mayenne","date":"7 mai 2023","format":false,"excerpt":"La Ville de Laval et la Protection civile ont sign\u00e9 une convention pour mettre officiellement des locaux \u00e0 la disposition de l\u2019association. Tr\u00e8s active depuis le d\u00e9but de la crise sanitaire du Covid, la Protection civile a vu ses missions \u00e9voluer \u00e0 la fin de l\u2019\u00e9pid\u00e9mie. Les b\u00e9n\u00e9voles de la\u2026","rel":"","context":"Dans &quot;Non class\u00e9&quot;","img":{"alt_text":"","src":"https:\/\/i0.wp.com\/guidelaval.fr\/eva\/wp-content\/uploads\/2023\/05\/protection-civile.jpg?fit=1200%2C763&ssl=1&resize=350%2C200","width":350,"height":200},"classes":[]},{"id":654,"url":"https:\/\/guidelaval.fr\/eva\/2015\/11\/25\/orchestre-de-mayenne\/","url_meta":{"origin":856,"position":4},"title":"Orchestre de Mayenne","date":"25 novembre 2015","format":false,"excerpt":"\u00a0\u00a0Ce week-end \u00e0 Mayenne, voyagez avec l'Orchestre au pays des contes Ce week-end, l\u2019Orchestre d\u2019harmonie du Pays de Mayenne pr\u00e9sente son traditionnel concert de fin novembre. Le spectacle met \u00e0 l\u2019honneur les contes musicaux. Cette ann\u00e9e, l'Orchestre d'Harmonie du Pays de Mayenne a d\u00e9cid\u00e9 de nous faire voyager dans le\u2026","rel":"","context":"Dans &quot;spectacles&quot;","img":{"alt_text":"","src":"https:\/\/i0.wp.com\/guidelaval.fr\/eva\/wp-content\/uploads\/2015\/11\/orcheste-carre.jpg?fit=357%2C357&ssl=1&resize=350%2C200","width":350,"height":200},"classes":[]},{"id":1019,"url":"https:\/\/guidelaval.fr\/eva\/2016\/04\/25\/les-motards-sensibilisent-au-don-du-sang\/","url_meta":{"origin":856,"position":5},"title":"Les motards sensibilisent au don du sang","date":"25 avril 2016","format":false,"excerpt":"\u00a0 Mayenne. 1 600 motards sur les routes pour sensibiliser au don du sang Dimanche 24 avril, mille motos sont parties de Laval pour collecter des promesses de dons de sang, de moelle osseuse et d\u2019organes, dans tout le d\u00e9partement. Des moteurs qui p\u00e9taradent, des motards qui s\u2019engagent et du\u2026","rel":"","context":"Dans &quot;Sant\u00e9&quot;","img":{"alt_text":"","src":"https:\/\/i0.wp.com\/guidelaval.fr\/eva\/wp-content\/uploads\/2016\/04\/les-motards.jpg?fit=640%2C360&ssl=1&resize=350%2C200","width":350,"height":200},"classes":[]}],"_links":{"self":[{"href":"https:\/\/guidelaval.fr\/eva\/wp-json\/wp\/v2\/posts\/856"}],"collection":[{"href":"https:\/\/guidelaval.fr\/eva\/wp-json\/wp\/v2\/posts"}],"about":[{"href":"https:\/\/guidelaval.fr\/eva\/wp-json\/wp\/v2\/types\/post"}],"author":[{"embeddable":true,"href":"https:\/\/guidelaval.fr\/eva\/wp-json\/wp\/v2\/users\/1"}],"replies":[{"embeddable":true,"href":"https:\/\/guidelaval.fr\/eva\/wp-json\/wp\/v2\/comments?post=856"}],"version-history":[{"count":9,"href":"https:\/\/guidelaval.fr\/eva\/wp-json\/wp\/v2\/posts\/856\/revisions"}],"predecessor-version":[{"id":866,"href":"https:\/\/guidelaval.fr\/eva\/wp-json\/wp\/v2\/posts\/856\/revisions\/866"}],"wp:featuredmedia":[{"embeddable":true,"href":"https:\/\/guidelaval.fr\/eva\/wp-json\/wp\/v2\/media\/857"}],"wp:attachment":[{"href":"https:\/\/guidelaval.fr\/eva\/wp-json\/wp\/v2\/media?parent=856"}],"wp:term":[{"taxonomy":"category","embeddable":true,"href":"https:\/\/guidelaval.fr\/eva\/wp-json\/wp\/v2\/categories?post=856"},{"taxonomy":"post_tag","embeddable":true,"href":"https:\/\/guidelaval.fr\/eva\/wp-json\/wp\/v2\/tags?post=856"}],"curies":[{"name":"wp","href":"https:\/\/api.w.org\/{rel}","templated":true}]}}